{"id":4148,"date":"2023-12-20T09:28:30","date_gmt":"2023-12-20T12:28:30","guid":{"rendered":"https:\/\/jeffersonisac.adv.br\/index.php\/2023\/12\/20\/produtores-demonstram-preocupacao-com-a-queda-do-preco-o-boi-gordo-assista\/"},"modified":"2023-12-20T09:28:30","modified_gmt":"2023-12-20T12:28:30","slug":"produtores-demonstram-preocupacao-com-a-queda-do-preco-o-boi-gordo-assista","status":"publish","type":"post","link":"https:\/\/jeffersonisac.adv.br\/index.php\/2023\/12\/20\/produtores-demonstram-preocupacao-com-a-queda-do-preco-o-boi-gordo-assista\/","title":{"rendered":"Produtores demonstram preocupa\u00e7\u00e3o com a queda do pre\u00e7o o boi gordo; assista"},"content":{"rendered":"<div class=\"video-container youtube youtube-100\">\n<div class=\"midia-creditos\"><\/div>\n\n<div class=\"midia-legenda\"><\/div>\n<\/div>\n<p>A Comiss\u00e3o de Agricultura, Pecu\u00e1ria, Abastecimento e Desenvolvimento Rural da C\u00e2mara dos Deputados realizou uma audi\u00eancia p\u00fablica nesta ter\u00e7a-feira (19) para examinar a queda no pre\u00e7o da arroba do boi gordo em todo Pa\u00eds. O evento foi conduzido pelo deputado Marcos Pollon (PL-MS).<\/p>","protected":false},"excerpt":{"rendered":"<p>A Comiss\u00e3o de Agricultura, Pecu\u00e1ria, Abastecimento e Desenvolvimento Rural da C\u00e2mara dos Deputados realizou uma audi\u00eancia p\u00fablica nesta ter\u00e7a-feira (19) para examinar a queda no pre\u00e7o da arroba do boi gordo em todo Pa\u00eds. O evento foi conduzido pelo deputado Marcos Pollon (PL-MS).<\/p>\n","protected":false},"author":0,"featured_media":0,"comment_status":"open","ping_status":"open","sticky":false,"template":"","format":"standard","meta":{"footnotes":""},"categories":[1],"tags":[],"_links":{"self":[{"href":"https:\/\/jeffersonisac.adv.br\/index.php\/wp-json\/wp\/v2\/posts\/4148"}],"collection":[{"href":"https:\/\/jeffersonisac.adv.br\/index.php\/wp-json\/wp\/v2\/posts"}],"about":[{"href":"https:\/\/jeffersonisac.adv.br\/index.php\/wp-json\/wp\/v2\/types\/post"}],"replies":[{"embeddable":true,"href":"https:\/\/jeffersonisac.adv.br\/index.php\/wp-json\/wp\/v2\/comments?post=4148"}],"version-history":[{"count":0,"href":"https:\/\/jeffersonisac.adv.br\/index.php\/wp-json\/wp\/v2\/posts\/4148\/revisions"}],"wp:attachment":[{"href":"https:\/\/jeffersonisac.adv.br\/index.php\/wp-json\/wp\/v2\/media?parent=4148"}],"wp:term":[{"taxonomy":"category","embeddable":true,"href":"https:\/\/jeffersonisac.adv.br\/index.php\/wp-json\/wp\/v2\/categories?post=4148"},{"taxonomy":"post_tag","embeddable":true,"href":"https:\/\/jeffersonisac.adv.br\/index.php\/wp-json\/wp\/v2\/tags?post=4148"}],"curies":[{"name":"wp","href":"https:\/\/api.w.org\/{rel}","templated":true}]}}