{"id":4157,"date":"2023-12-20T12:57:37","date_gmt":"2023-12-20T15:57:37","guid":{"rendered":"https:\/\/jeffersonisac.adv.br\/index.php\/2023\/12\/20\/comissao-aprova-projeto-que-criacao-servico-para-localizar-idosos-desaparecidos\/"},"modified":"2023-12-20T12:57:37","modified_gmt":"2023-12-20T15:57:37","slug":"comissao-aprova-projeto-que-criacao-servico-para-localizar-idosos-desaparecidos","status":"publish","type":"post","link":"https:\/\/jeffersonisac.adv.br\/index.php\/2023\/12\/20\/comissao-aprova-projeto-que-criacao-servico-para-localizar-idosos-desaparecidos\/","title":{"rendered":"Comiss\u00e3o aprova projeto que cria\u00e7\u00e3o servi\u00e7o para localizar idosos desaparecidos"},"content":{"rendered":"<div class=\"image-container\">\n<div class=\"midia-creditos\"><em>Zeca Ribeiro \/ C\u00e2mara dos Deputados<\/em><\/div>\n<div class=\"media-wrapper\"><\/div>\n<div class=\"midia-legenda\">Deputado Allan Garc\u00eas, relator da proposta<\/div>\n<\/div>\n<p>A Comiss\u00e3o de Seguran\u00e7a P\u00fablica da C\u00e2mara dos Deputados aprovou o <a class=\"linkProposicao\" href=\"https:\/\/www.camara.leg.br\/noticias\/1009888-proposta-exige-a-comunicacao-aos-hospitais-sobre-o-desaparecimento-de-pessoas-idosas\">Projeto de Lei 2733\/23<\/a>, da deputada Silvye Alves (Uni\u00e3o-GO), que prev\u00ea a cria\u00e7\u00e3o de um servi\u00e7o p\u00fablico para identificar e localizar pessoas idosas desaparecidas. O novo servi\u00e7o dever\u00e1 estar integrado ao Cadastro Nacional de Pessoas Desaparecidas, que est\u00e1 em fase de implementa\u00e7\u00e3o no Brasil.<\/p>\n<p>A proposta aprovada exige ainda que, ao ser notificada, a autoridade policial repasse as informa\u00e7\u00f5es a hospitais, entidades de assist\u00eancia social e institui\u00e7\u00f5es que atendem pessoas idosas.<\/p>\n<p>O texto altera o <a href=\"https:\/\/www2.camara.leg.br\/legin\/fed\/lei\/2003\/lei-10741-1-outubro-2003-497511-norma-pl.html\">Estatuto da Pessoa Idosa<\/a>.<\/p>\n<p>O relator, deputado Dr. Allan Garc\u00eas (PP-MA), recomendou a aprova\u00e7\u00e3o do projeto. \u201cCaso aprovada a altera\u00e7\u00e3o, haver\u00e1 uma a\u00e7\u00e3o completa, por parte das autoridades p\u00fablicas, no sentido de localizar idosos desaparecidos e contribuir para amenizar a dor e a ang\u00fastia dos parentes\u201d, disse.<\/p>\n<p><strong>Tramita\u00e7\u00e3o<\/strong><br \/>\nO projeto ainda ser\u00e1 analisado, em <span class=\"termoGlossario\">car\u00e1ter conclusivo<\/span>, na Comiss\u00e3o de Constitui\u00e7\u00e3o e Justi\u00e7a e de Cidadania (CCJ).<\/p>\n<p><a href=\"https:\/\/www.camara.leg.br\/noticias\/573454-SAIBA-MAIS-SOBRE-A-TRAMITACAO-DE-PROJETOS-DE-LEI\">Saiba mais sobre a tramita\u00e7\u00e3o de projetos de lei<\/a><\/p>","protected":false},"excerpt":{"rendered":"<p>Zeca Ribeiro \/ C\u00e2mara dos Deputados Deputado Allan Garc\u00eas, relator da proposta A Comiss\u00e3o de Seguran\u00e7a P\u00fablica da C\u00e2mara dos Deputados aprovou o Projeto de Lei 2733\/23, da deputada Silvye Alves (Uni\u00e3o-GO), que prev\u00ea a cria\u00e7\u00e3o de um servi\u00e7o p\u00fablico para identificar e localizar pessoas idosas desaparecidas. O novo servi\u00e7o dever\u00e1 estar integrado ao Cadastro [&hellip;]<\/p>\n","protected":false},"author":0,"featured_media":0,"comment_status":"open","ping_status":"open","sticky":false,"template":"","format":"standard","meta":{"footnotes":""},"categories":[1],"tags":[],"_links":{"self":[{"href":"https:\/\/jeffersonisac.adv.br\/index.php\/wp-json\/wp\/v2\/posts\/4157"}],"collection":[{"href":"https:\/\/jeffersonisac.adv.br\/index.php\/wp-json\/wp\/v2\/posts"}],"about":[{"href":"https:\/\/jeffersonisac.adv.br\/index.php\/wp-json\/wp\/v2\/types\/post"}],"replies":[{"embeddable":true,"href":"https:\/\/jeffersonisac.adv.br\/index.php\/wp-json\/wp\/v2\/comments?post=4157"}],"version-history":[{"count":0,"href":"https:\/\/jeffersonisac.adv.br\/index.php\/wp-json\/wp\/v2\/posts\/4157\/revisions"}],"wp:attachment":[{"href":"https:\/\/jeffersonisac.adv.br\/index.php\/wp-json\/wp\/v2\/media?parent=4157"}],"wp:term":[{"taxonomy":"category","embeddable":true,"href":"https:\/\/jeffersonisac.adv.br\/index.php\/wp-json\/wp\/v2\/categories?post=4157"},{"taxonomy":"post_tag","embeddable":true,"href":"https:\/\/jeffersonisac.adv.br\/index.php\/wp-json\/wp\/v2\/tags?post=4157"}],"curies":[{"name":"wp","href":"https:\/\/api.w.org\/{rel}","templated":true}]}}