{"id":4159,"date":"2023-12-20T12:57:38","date_gmt":"2023-12-20T15:57:38","guid":{"rendered":"https:\/\/jeffersonisac.adv.br\/index.php\/2023\/12\/20\/comissao-aprova-projeto-que-cria-delegacias-especializadas-em-crimes-contra-pessoas-com-deficiencia\/"},"modified":"2023-12-20T12:57:38","modified_gmt":"2023-12-20T15:57:38","slug":"comissao-aprova-projeto-que-cria-delegacias-especializadas-em-crimes-contra-pessoas-com-deficiencia","status":"publish","type":"post","link":"https:\/\/jeffersonisac.adv.br\/index.php\/2023\/12\/20\/comissao-aprova-projeto-que-cria-delegacias-especializadas-em-crimes-contra-pessoas-com-deficiencia\/","title":{"rendered":"Comiss\u00e3o aprova projeto que cria delegacias especializadas em crimes contra pessoas com defici\u00eancia"},"content":{"rendered":"<div class=\"image-container\">\n<div class=\"midia-creditos\"><em>Bruno Spada\/C\u00e2mara dos Deputados<\/em><\/div>\n<div class=\"media-wrapper\"><\/div>\n<div class=\"midia-legenda\">Sargento Portugal apresentou um texto substitutivo<\/div>\n<\/div>\n<p>A Comiss\u00e3o de Seguran\u00e7a P\u00fablica da C\u00e2mara dos Deputados aprovou projeto que obriga os estados a criarem delegacias especializadas em crimes contra pessoas com defici\u00eancia.<\/p>\n<p>O texto aprovado ainda garante \u00e0 v\u00edtima os seguintes direitos:<\/p>\n<p>ser atendido por policial ou servidor p\u00fablico capacitado;<br \/>\nter acesso imediato a servi\u00e7o de rede integrada que disponha de atendimento social, de sa\u00fade, psicol\u00f3gico e de interpreta\u00e7\u00e3o em libras, na modalidade remota ou presencial, conforme o caso.<\/p>\n<p>O <a class=\"linkProposicao\" href=\"https:\/\/www.camara.leg.br\/noticias\/630406-projeto-cria-delegacias-especializadas-no-atendimento-a-pessoas-com-deficiencia\">Projeto de Lei 5746\/19<\/a> ser\u00e1 analisado agora, em <span class=\"termoGlossario\">car\u00e1ter conclusivo<\/span>, pelas comiss\u00f5es de Finan\u00e7as e Tributa\u00e7\u00e3o; e de Constitui\u00e7\u00e3o e Justi\u00e7a e de Cidadania (CCJ).<\/p>\n<p><a href=\"https:\/\/www.camara.leg.br\/noticias\/573454-SAIBA-MAIS-SOBRE-A-TRAMITACAO-DE-PROJETOS-DE-LEI\">Saiba mais sobre a tramita\u00e7\u00e3o de projetos de lei<\/a><\/p>\n<p><strong>Mudan\u00e7a<br \/>\n<\/strong>A proposta, do deputado Aureo Ribeiro (Solidariedade-RJ), altera o <a href=\"https:\/\/www2.camara.leg.br\/legin\/fed\/lei\/2015\/lei-13146-6-julho-2015-781174-norma-pl.html\">Estatuto da Pessoa com Defici\u00eancia<\/a>. O relator, deputado Sargento Portugal (Podemos-RJ), recomendou a aprova\u00e7\u00e3o do projeto e do <span class=\"termoGlossario\">apensado<\/span> (PL 1182\/22), na forma de um <span class=\"termoGlossario\">substitutivo<\/span>.<\/p>\n<p>Portugal avaliou que as novas delegacias poderiam se especializar nos crimes t\u00edpicos cometidos contra pessoas com defici\u00eancia, como viol\u00eancia f\u00edsica, sexual, maus-tratos e discrimina\u00e7\u00e3o. \u201cEssas delegacias teriam equipes especializadas, compostas por policiais capacitados para lidar com as particularidades e necessidades das pessoas com defici\u00eancia\u201d, explicou.<\/p>\n<p><strong>Popula\u00e7\u00e3o<br \/>\n<\/strong>Portugal incluiu um dispositivo no texto original para condicionar o n\u00famero de delegacias ao tamanho da popula\u00e7\u00e3o, do seguinte modo:<\/p>\n<p>haver\u00e1 uma delegacia para cada munic\u00edpio com mais de 95 mil habitantes;<br \/>\nnos munic\u00edpios com popula\u00e7\u00e3o entre 35 mil e 95 mil habitantes dever\u00e3o ser criadas subdivis\u00f5es policiais especializadas;<br \/>\nem munic\u00edpio pertencente \u00e0 regi\u00e3o metropolitana, com popula\u00e7\u00e3o acima de 95 mil, a unidade deve ter efetivo e capacidade operacional compat\u00edveis com o local.<\/p>","protected":false},"excerpt":{"rendered":"<p>Bruno Spada\/C\u00e2mara dos Deputados Sargento Portugal apresentou um texto substitutivo A Comiss\u00e3o de Seguran\u00e7a P\u00fablica da C\u00e2mara dos Deputados aprovou projeto que obriga os estados a criarem delegacias especializadas em crimes contra pessoas com defici\u00eancia. O texto aprovado ainda garante \u00e0 v\u00edtima os seguintes direitos: ser atendido por policial ou servidor p\u00fablico capacitado; ter acesso [&hellip;]<\/p>\n","protected":false},"author":0,"featured_media":0,"comment_status":"open","ping_status":"open","sticky":false,"template":"","format":"standard","meta":{"footnotes":""},"categories":[1],"tags":[],"_links":{"self":[{"href":"https:\/\/jeffersonisac.adv.br\/index.php\/wp-json\/wp\/v2\/posts\/4159"}],"collection":[{"href":"https:\/\/jeffersonisac.adv.br\/index.php\/wp-json\/wp\/v2\/posts"}],"about":[{"href":"https:\/\/jeffersonisac.adv.br\/index.php\/wp-json\/wp\/v2\/types\/post"}],"replies":[{"embeddable":true,"href":"https:\/\/jeffersonisac.adv.br\/index.php\/wp-json\/wp\/v2\/comments?post=4159"}],"version-history":[{"count":0,"href":"https:\/\/jeffersonisac.adv.br\/index.php\/wp-json\/wp\/v2\/posts\/4159\/revisions"}],"wp:attachment":[{"href":"https:\/\/jeffersonisac.adv.br\/index.php\/wp-json\/wp\/v2\/media?parent=4159"}],"wp:term":[{"taxonomy":"category","embeddable":true,"href":"https:\/\/jeffersonisac.adv.br\/index.php\/wp-json\/wp\/v2\/categories?post=4159"},{"taxonomy":"post_tag","embeddable":true,"href":"https:\/\/jeffersonisac.adv.br\/index.php\/wp-json\/wp\/v2\/tags?post=4159"}],"curies":[{"name":"wp","href":"https:\/\/api.w.org\/{rel}","templated":true}]}}