{"id":4161,"date":"2023-12-20T14:41:46","date_gmt":"2023-12-20T17:41:46","guid":{"rendered":"https:\/\/jeffersonisac.adv.br\/index.php\/2023\/12\/20\/comissao-aprova-subvencao-para-carteira-de-habilitacao-de-pessoas-com-deficiencia\/"},"modified":"2023-12-20T14:41:46","modified_gmt":"2023-12-20T17:41:46","slug":"comissao-aprova-subvencao-para-carteira-de-habilitacao-de-pessoas-com-deficiencia","status":"publish","type":"post","link":"https:\/\/jeffersonisac.adv.br\/index.php\/2023\/12\/20\/comissao-aprova-subvencao-para-carteira-de-habilitacao-de-pessoas-com-deficiencia\/","title":{"rendered":"Comiss\u00e3o aprova subven\u00e7\u00e3o para carteira de habilita\u00e7\u00e3o de pessoas com defici\u00eancia"},"content":{"rendered":"<div class=\"image-container\">\n<div class=\"midia-creditos\"><em>Zeca Ribeiro\/C\u00e2mara dos Deputados<\/em><\/div>\n<div class=\"media-wrapper\"><\/div>\n<div class=\"midia-legenda\">Maur\u00edcio Carvalho recomendou a aprova\u00e7\u00e3o, com mudan\u00e7as no texto original<\/div>\n<\/div>\n<p>A Comiss\u00e3o de Via\u00e7\u00e3o e Transportes da C\u00e2mara dos Deputados aprovou projeto de lei que permite a utiliza\u00e7\u00e3o de recursos arrecadados com multas de tr\u00e2nsito na habilita\u00e7\u00e3o de pessoas com defici\u00eancia. O texto altera o <a href=\"https:\/\/www2.camara.leg.br\/legin\/fed\/lei\/1997\/lei-9503-23-setembro-1997-372348-norma-pl.html\">C\u00f3digo de Tr\u00e2nsito Brasileiro<\/a>.<\/p>\n<p>Conforme a proposta, os recursos seriam utilizados para pagar taxas cobradas pelos \u00f3rg\u00e3os de tr\u00e2nsito, como licen\u00e7a de aprendizagem e Carteira Nacional de Habilita\u00e7\u00e3o (CNH).<\/p>\n<p>A proposta ser\u00e1 analisada agora, em <span class=\"termoGlossario\">car\u00e1ter conclusivo<\/span>, nas comiss\u00f5es de Defesa dos Direitos das Pessoas com Defici\u00eancia; de Constitui\u00e7\u00e3o e Justi\u00e7a e de Cidadania.<\/p>\n<p><a href=\"https:\/\/www.camara.leg.br\/noticias\/573454-SAIBA-MAIS-SOBRE-A-TRAMITACAO-DE-PROJETOS-DE-LEI\">Saiba mais sobre a tramita\u00e7\u00e3o de projetos de lei<\/a><\/p>\n<p><strong>Custo elevado<br \/>\n<\/strong>O texto aprovado foi um substitutivo do\u00a0relator, deputado Maur\u00edcio Carvalho (Uni\u00e3o-RO), ao <a class=\"linkProposicao\" href=\"https:\/\/www.camara.leg.br\/noticias\/1003060-projeto-torna-gratuita-renovacao-da-carteira-de-motorista-para-pessoa-com-deficiencia\">Projeto de Lei 2329\/23<\/a>, do deputado Duarte Jr. (PSB-MA). Carvalho afirmou que nem todas as pessoas com defici\u00eancia conseguem bancar os custos para forma\u00e7\u00e3o de condutores.<\/p>\n<p>\u201cAl\u00e9m de frequentemente terem seu or\u00e7amento comprometido com equipamentos, tratamentos ou medicamentos, t\u00eam de arcar com pre\u00e7os superiores aos cobrados do p\u00fablico geral nas autoescolas\u201d, disse.<\/p>\n<p><strong>Mudan\u00e7a<br \/>\n<\/strong>O projeto originalmente prev\u00ea a gratuidade da renova\u00e7\u00e3o da CNH para pessoas com defici\u00eancia.\u00a0O relator retirou essa medida por ferir prerrogativas dos estados e do Distrito Federal.<\/p>\n<p>O substitutivo aproveita ainda o PL 2401\/23, do deputado Marx Beltr\u00e3o (PP-AL), que tramita <span class=\"termoGlossario\">apensado<\/span> e trata de assunto semelhante.<\/p>","protected":false},"excerpt":{"rendered":"<p>Zeca Ribeiro\/C\u00e2mara dos Deputados Maur\u00edcio Carvalho recomendou a aprova\u00e7\u00e3o, com mudan\u00e7as no texto original A Comiss\u00e3o de Via\u00e7\u00e3o e Transportes da C\u00e2mara dos Deputados aprovou projeto de lei que permite a utiliza\u00e7\u00e3o de recursos arrecadados com multas de tr\u00e2nsito na habilita\u00e7\u00e3o de pessoas com defici\u00eancia. O texto altera o C\u00f3digo de Tr\u00e2nsito Brasileiro. Conforme a [&hellip;]<\/p>\n","protected":false},"author":0,"featured_media":0,"comment_status":"open","ping_status":"open","sticky":false,"template":"","format":"standard","meta":{"footnotes":""},"categories":[1],"tags":[],"_links":{"self":[{"href":"https:\/\/jeffersonisac.adv.br\/index.php\/wp-json\/wp\/v2\/posts\/4161"}],"collection":[{"href":"https:\/\/jeffersonisac.adv.br\/index.php\/wp-json\/wp\/v2\/posts"}],"about":[{"href":"https:\/\/jeffersonisac.adv.br\/index.php\/wp-json\/wp\/v2\/types\/post"}],"replies":[{"embeddable":true,"href":"https:\/\/jeffersonisac.adv.br\/index.php\/wp-json\/wp\/v2\/comments?post=4161"}],"version-history":[{"count":0,"href":"https:\/\/jeffersonisac.adv.br\/index.php\/wp-json\/wp\/v2\/posts\/4161\/revisions"}],"wp:attachment":[{"href":"https:\/\/jeffersonisac.adv.br\/index.php\/wp-json\/wp\/v2\/media?parent=4161"}],"wp:term":[{"taxonomy":"category","embeddable":true,"href":"https:\/\/jeffersonisac.adv.br\/index.php\/wp-json\/wp\/v2\/categories?post=4161"},{"taxonomy":"post_tag","embeddable":true,"href":"https:\/\/jeffersonisac.adv.br\/index.php\/wp-json\/wp\/v2\/tags?post=4161"}],"curies":[{"name":"wp","href":"https:\/\/api.w.org\/{rel}","templated":true}]}}