{"id":4172,"date":"2023-12-20T17:38:31","date_gmt":"2023-12-20T20:38:31","guid":{"rendered":"https:\/\/jeffersonisac.adv.br\/index.php\/2023\/12\/20\/lira-reforma-tributaria-vai-acelerar-a-economia-e-gerar-milhares-de-empregos\/"},"modified":"2023-12-20T17:38:31","modified_gmt":"2023-12-20T20:38:31","slug":"lira-reforma-tributaria-vai-acelerar-a-economia-e-gerar-milhares-de-empregos","status":"publish","type":"post","link":"https:\/\/jeffersonisac.adv.br\/index.php\/2023\/12\/20\/lira-reforma-tributaria-vai-acelerar-a-economia-e-gerar-milhares-de-empregos\/","title":{"rendered":"Lira: reforma tribut\u00e1ria vai acelerar a economia e gerar milhares de empregos"},"content":{"rendered":"<div class=\"image-container\">\n<div class=\"midia-creditos\"><em>Zeca Ribeiro\/C\u00e2mara dos Deputados<\/em><\/div>\n<div class=\"media-wrapper\"><\/div>\n<div class=\"midia-legenda\">Sess\u00e3o do Congresso Nacional para promulga\u00e7\u00e3o da reforma tribut\u00e1ria<\/div>\n<\/div>\n<p>O presidente da C\u00e2mara dos Deputados, Arthur Lira (PP-AL), afirmou nesta quarta-feira (20) que a reforma tribut\u00e1ria vai ser decisiva para a retomada do desenvolvimento econ\u00f4mico no Pa\u00eds. \u201cA reforma tribut\u00e1ria vai acelerar a economia e fortalecer empreendedorismo, gerar milhares de empregos e mudar para melhor a vida de milh\u00f5es de brasileiros. Foram 40 anos de espera que transformaram o sistema tribut\u00e1rio em manic\u00f4mio fiscal\u201d, afirmou Lira, na sess\u00e3o de promulga\u00e7\u00e3o da emenda constitucional que institui a reforma.<\/p>\n<p><a href=\"https:\/\/www.camara.leg.br\/noticias\/1028401-leia-na-integra-o-discurso-do-presidente-da-camara-na-promulgacao-da-reforma-tributaria\/\">Leia o discurso de Lira na \u00edntegra<\/a><\/p>\n<p>Participaram da sess\u00e3o do Congresso Nacional, realizada no Plen\u00e1rio da C\u00e2mara, o presidente Luiz In\u00e1cio Lula da Silva, o presidente do Senado e do Congresso, Rodrigo Pacheco, o presidente do Supremo Tribunal Federal, Lu\u00eds Roberto Barroso, e o ministro da Fazenda, Fernando Haddad, entre outras autoridades.<\/p>\n<p>\u201cDesde que assumimos a presid\u00eancia desta Casa, estabelecemos que a reforma tribut\u00e1ria iria ser debatida, formulada e aprovada. N\u00e3o havia mais tempo para esperar, o Brasil precisava e merecia um sistema tribut\u00e1rio organizado, eficiente, justo e que se transformasse em um dos pilares para o desenvolvimento\u201d, acrescentou Lira.<\/p>\n<p>Diante de um Plen\u00e1rio lotado, Lira elogiou a articula\u00e7\u00e3o pol\u00edtica entre o Executivo e o Congresso Nacional: \u201cA reforma tribut\u00e1ria promulgada hoje n\u00e3o nasceu de um ato autorit\u00e1rio de um Poder ou da vontade de um Governo. E sim de uma intensa negocia\u00e7\u00e3o pol\u00edtica, de um di\u00e1logo permanente entre n\u00f3s, parlamentares, com diversos setores da sociedade brasileira\u201d, frisou.<\/p>\n<p>Ele refor\u00e7ou que \u00e9 um dia de \u201cconsagra\u00e7\u00e3o do Congresso Nacional\u201d e de \u201cmaior n\u00edvel de respeito entre todas as autoridades constitu\u00eddas\u201d.<\/p>","protected":false},"excerpt":{"rendered":"<p>Zeca Ribeiro\/C\u00e2mara dos Deputados Sess\u00e3o do Congresso Nacional para promulga\u00e7\u00e3o da reforma tribut\u00e1ria O presidente da C\u00e2mara dos Deputados, Arthur Lira (PP-AL), afirmou nesta quarta-feira (20) que a reforma tribut\u00e1ria vai ser decisiva para a retomada do desenvolvimento econ\u00f4mico no Pa\u00eds. \u201cA reforma tribut\u00e1ria vai acelerar a economia e fortalecer empreendedorismo, gerar milhares de empregos [&hellip;]<\/p>\n","protected":false},"author":0,"featured_media":0,"comment_status":"open","ping_status":"open","sticky":false,"template":"","format":"standard","meta":{"footnotes":""},"categories":[1],"tags":[],"_links":{"self":[{"href":"https:\/\/jeffersonisac.adv.br\/index.php\/wp-json\/wp\/v2\/posts\/4172"}],"collection":[{"href":"https:\/\/jeffersonisac.adv.br\/index.php\/wp-json\/wp\/v2\/posts"}],"about":[{"href":"https:\/\/jeffersonisac.adv.br\/index.php\/wp-json\/wp\/v2\/types\/post"}],"replies":[{"embeddable":true,"href":"https:\/\/jeffersonisac.adv.br\/index.php\/wp-json\/wp\/v2\/comments?post=4172"}],"version-history":[{"count":0,"href":"https:\/\/jeffersonisac.adv.br\/index.php\/wp-json\/wp\/v2\/posts\/4172\/revisions"}],"wp:attachment":[{"href":"https:\/\/jeffersonisac.adv.br\/index.php\/wp-json\/wp\/v2\/media?parent=4172"}],"wp:term":[{"taxonomy":"category","embeddable":true,"href":"https:\/\/jeffersonisac.adv.br\/index.php\/wp-json\/wp\/v2\/categories?post=4172"},{"taxonomy":"post_tag","embeddable":true,"href":"https:\/\/jeffersonisac.adv.br\/index.php\/wp-json\/wp\/v2\/tags?post=4172"}],"curies":[{"name":"wp","href":"https:\/\/api.w.org\/{rel}","templated":true}]}}