{"id":4175,"date":"2023-12-20T21:25:29","date_gmt":"2023-12-21T00:25:29","guid":{"rendered":"https:\/\/jeffersonisac.adv.br\/index.php\/2023\/12\/20\/camara-aprova-projeto-que-inclui-dados-sobre-tdah-doencas-raras-e-animais-domesticos-nos-censos-populacionais-acompanhe\/"},"modified":"2023-12-20T21:25:29","modified_gmt":"2023-12-21T00:25:29","slug":"camara-aprova-projeto-que-inclui-dados-sobre-tdah-doencas-raras-e-animais-domesticos-nos-censos-populacionais-acompanhe","status":"publish","type":"post","link":"https:\/\/jeffersonisac.adv.br\/index.php\/2023\/12\/20\/camara-aprova-projeto-que-inclui-dados-sobre-tdah-doencas-raras-e-animais-domesticos-nos-censos-populacionais-acompanhe\/","title":{"rendered":"C\u00e2mara aprova projeto que inclui dados sobre TDAH, doen\u00e7as raras e animais dom\u00e9sticos nos censos populacionais; acompanhe"},"content":{"rendered":"<div class=\"image-container\">\n<div class=\"midia-creditos\"><em>Bruno Spada\/C\u00e2mara dos Deputados<\/em><\/div>\n<div class=\"media-wrapper\"><\/div>\n<div class=\"midia-legenda\">Maria Rosas, relatora do projeto<\/div>\n<\/div>\n<p>A C\u00e2mara dos Deputados aprovou projeto de lei que prev\u00ea a formula\u00e7\u00e3o, nos censos demogr\u00e1ficos, de questionamentos espec\u00edficos sobre pessoas da fam\u00edlia entrevistada com transtorno do d\u00e9ficit de aten\u00e7\u00e3o\/hiperatividade (TDAH), dislexia, doen\u00e7as raras e vis\u00e3o monocular. A proposta ser\u00e1 enviada ao Senado.<\/p>\n<p>Ao aceitar emenda do deputado Delegado Matheus Laiola (Uni\u00e3o-PR), a relatora do projeto em Plen\u00e1rio, deputada Maria Rosas (Republicanos-SP), incluiu dispositivo para tamb\u00e9m permitir aos censos demogr\u00e1ficos a formula\u00e7\u00e3o de perguntas sobre a quantidade de animais dom\u00e9sticos. No entanto, a consulta sobre o tema ser\u00e1 facultativa, ao contr\u00e1rio das demais tratadas pelo projeto, que ser\u00e3o obrigat\u00f3rias.<\/p>\n<p>De autoria da ex-deputada Rejane Dias, o Projeto de Lei 4459\/21 foi aprovado nesta quarta-feira (20) na forma do <span class=\"termoGlossario\">substitutivo<\/span> da Comiss\u00e3o de Defesa dos Direitos da Pessoa com Defici\u00eancia, com relatoria do deputado Sargento Portugal (Podemos-RJ).<\/p>\n<p>O substitutivo determinou a inclus\u00e3o de questionamentos sobre doen\u00e7as raras e vis\u00e3o monocular, o que n\u00e3o estava previsto originalmente no projeto.<\/p>\n<p>Atualmente, devem ser feitas perguntas sobre pessoas com defici\u00eancia ou com transtorno do espectro autista (TEA), condi\u00e7\u00e3o equiparada \u00e0 de pessoa com defici\u00eancia pela <a class=\"linkLegislacao\" href=\"https:\/\/www2.camara.gov.br\/legin\/fed\/lei\/2012\/lei-12764-27-dezembro-2012-774838-norma-pl.html\">Lei 12.764\/12<\/a>.<\/p>\n<p>A exig\u00eancia de perguntas no censo sobre pessoas com defici\u00eancia existe desde 1990 e sobre pessoas com TEA desde 2019.<\/p>\n<p>As novas regras do PL 4459\/21 entrar\u00e3o em vigor depois de 360 dias de sua publica\u00e7\u00e3o.<\/p>\n<p><a href=\"https:\/\/www.youtube.com\/watch?v=u-bKuWpra5w\">Assista ao vivo<\/a><\/p>\n<p><a href=\"https:\/\/www.camara.leg.br\/noticias\/573454-SAIBA-MAIS-SOBRE-A-TRAMITACAO-DE-PROJETOS-DE-LEI\">Saiba mais sobre a tramita\u00e7\u00e3o de projetos de lei<\/a><\/p>","protected":false},"excerpt":{"rendered":"<p>Bruno Spada\/C\u00e2mara dos Deputados Maria Rosas, relatora do projeto A C\u00e2mara dos Deputados aprovou projeto de lei que prev\u00ea a formula\u00e7\u00e3o, nos censos demogr\u00e1ficos, de questionamentos espec\u00edficos sobre pessoas da fam\u00edlia entrevistada com transtorno do d\u00e9ficit de aten\u00e7\u00e3o\/hiperatividade (TDAH), dislexia, doen\u00e7as raras e vis\u00e3o monocular. A proposta ser\u00e1 enviada ao Senado. Ao aceitar emenda do [&hellip;]<\/p>\n","protected":false},"author":0,"featured_media":0,"comment_status":"open","ping_status":"open","sticky":false,"template":"","format":"standard","meta":{"footnotes":""},"categories":[1],"tags":[],"_links":{"self":[{"href":"https:\/\/jeffersonisac.adv.br\/index.php\/wp-json\/wp\/v2\/posts\/4175"}],"collection":[{"href":"https:\/\/jeffersonisac.adv.br\/index.php\/wp-json\/wp\/v2\/posts"}],"about":[{"href":"https:\/\/jeffersonisac.adv.br\/index.php\/wp-json\/wp\/v2\/types\/post"}],"replies":[{"embeddable":true,"href":"https:\/\/jeffersonisac.adv.br\/index.php\/wp-json\/wp\/v2\/comments?post=4175"}],"version-history":[{"count":0,"href":"https:\/\/jeffersonisac.adv.br\/index.php\/wp-json\/wp\/v2\/posts\/4175\/revisions"}],"wp:attachment":[{"href":"https:\/\/jeffersonisac.adv.br\/index.php\/wp-json\/wp\/v2\/media?parent=4175"}],"wp:term":[{"taxonomy":"category","embeddable":true,"href":"https:\/\/jeffersonisac.adv.br\/index.php\/wp-json\/wp\/v2\/categories?post=4175"},{"taxonomy":"post_tag","embeddable":true,"href":"https:\/\/jeffersonisac.adv.br\/index.php\/wp-json\/wp\/v2\/tags?post=4175"}],"curies":[{"name":"wp","href":"https:\/\/api.w.org\/{rel}","templated":true}]}}