{"id":4182,"date":"2023-12-21T00:05:02","date_gmt":"2023-12-21T03:05:02","guid":{"rendered":"https:\/\/jeffersonisac.adv.br\/index.php\/2023\/12\/21\/camara-aprova-projeto-que-cria-o-dia-do-rei-pele\/"},"modified":"2023-12-21T00:05:02","modified_gmt":"2023-12-21T03:05:02","slug":"camara-aprova-projeto-que-cria-o-dia-do-rei-pele","status":"publish","type":"post","link":"https:\/\/jeffersonisac.adv.br\/index.php\/2023\/12\/21\/camara-aprova-projeto-que-cria-o-dia-do-rei-pele\/","title":{"rendered":"C\u00e2mara aprova projeto que cria o Dia do Rei Pel\u00e9"},"content":{"rendered":"<div class=\"image-container\">\n<div class=\"midia-creditos\"><em>Zeca Ribeiro\/C\u00e2mara dos Deputados<\/em><\/div>\n<div class=\"media-wrapper\"><\/div>\n<div class=\"midia-legenda\">Duarte Jr., relator do projeto<\/div>\n<\/div>\n<p>A C\u00e2mara dos Deputados aprovou o Projeto de Lei 5867\/23, que institui o Dia do Rei Pel\u00e9, a ser comemorado anualmente em 19 de novembro, data em que o jogador marcou seu mil\u00e9simo gol em 1969. A proposta ser\u00e1 enviada ao Senado.<\/p>\n<p>O projeto \u00e9 de autoria dos deputados Luciano Ducci (PSB-PR) e Felipe Carreras (PSB-PE) e contou com parecer favor\u00e1vel do deputado Duarte Jr. (PSB-MA).<\/p>\n<p>\u201c\u00c9 importante destacar que o legado de Pel\u00e9 ultrapassou o mundo do esporte. Em 1969, um pa\u00eds parou uma guerra para v\u00ea-lo jogar. Ele foi embaixador de \u00f3rg\u00e3os como ONU, Unesco e Unicef, inclusive sendo nomeado como embaixador da boa vontade para a hist\u00f3rica C\u00fapula da Terra da ONU, a Eco 92\u201d, lembraram os autores.<\/p>\n<p>Para Duarte Jr., a cria\u00e7\u00e3o desse dia comemorativo \u201cser\u00e1 uma justa homenagem a um \u00edcone do esporte nacional e fonte de inspira\u00e7\u00e3o para muitos jovens atletas, estudantes e amantes do esporte\u201d.<\/p>\n<p>Reconhecido mundialmente como o Rei do Futebol, Edson Arantes do Nascimento, o Pel\u00e9, faleceu em dezembro de 2022, aos 82 anos, v\u00edtima de um c\u00e2ncer.<\/p>\n<p><a href=\"https:\/\/www.camara.leg.br\/noticias\/573454-SAIBA-MAIS-SOBRE-A-TRAMITACAO-DE-PROJETOS-DE-LEI\">Saiba mais sobre a tramita\u00e7\u00e3o de projetos de lei<\/a><\/p>\n<p><a href=\"https:\/\/www.youtube.com\/watch?v=u-bKuWpra5w\">Assista ao vivo<\/a><\/p>","protected":false},"excerpt":{"rendered":"<p>Zeca Ribeiro\/C\u00e2mara dos Deputados Duarte Jr., relator do projeto A C\u00e2mara dos Deputados aprovou o Projeto de Lei 5867\/23, que institui o Dia do Rei Pel\u00e9, a ser comemorado anualmente em 19 de novembro, data em que o jogador marcou seu mil\u00e9simo gol em 1969. A proposta ser\u00e1 enviada ao Senado. O projeto \u00e9 de [&hellip;]<\/p>\n","protected":false},"author":0,"featured_media":0,"comment_status":"open","ping_status":"open","sticky":false,"template":"","format":"standard","meta":{"footnotes":""},"categories":[1],"tags":[],"_links":{"self":[{"href":"https:\/\/jeffersonisac.adv.br\/index.php\/wp-json\/wp\/v2\/posts\/4182"}],"collection":[{"href":"https:\/\/jeffersonisac.adv.br\/index.php\/wp-json\/wp\/v2\/posts"}],"about":[{"href":"https:\/\/jeffersonisac.adv.br\/index.php\/wp-json\/wp\/v2\/types\/post"}],"replies":[{"embeddable":true,"href":"https:\/\/jeffersonisac.adv.br\/index.php\/wp-json\/wp\/v2\/comments?post=4182"}],"version-history":[{"count":0,"href":"https:\/\/jeffersonisac.adv.br\/index.php\/wp-json\/wp\/v2\/posts\/4182\/revisions"}],"wp:attachment":[{"href":"https:\/\/jeffersonisac.adv.br\/index.php\/wp-json\/wp\/v2\/media?parent=4182"}],"wp:term":[{"taxonomy":"category","embeddable":true,"href":"https:\/\/jeffersonisac.adv.br\/index.php\/wp-json\/wp\/v2\/categories?post=4182"},{"taxonomy":"post_tag","embeddable":true,"href":"https:\/\/jeffersonisac.adv.br\/index.php\/wp-json\/wp\/v2\/tags?post=4182"}],"curies":[{"name":"wp","href":"https:\/\/api.w.org\/{rel}","templated":true}]}}