{"id":4195,"date":"2023-12-21T14:35:21","date_gmt":"2023-12-21T17:35:21","guid":{"rendered":"https:\/\/jeffersonisac.adv.br\/index.php\/2023\/12\/21\/comissao-aprova-alteracao-no-nome-do-dia-do-idoso-para-dia-nacional-do-respeito-aos-idosos\/"},"modified":"2023-12-21T14:35:21","modified_gmt":"2023-12-21T17:35:21","slug":"comissao-aprova-alteracao-no-nome-do-dia-do-idoso-para-dia-nacional-do-respeito-aos-idosos","status":"publish","type":"post","link":"https:\/\/jeffersonisac.adv.br\/index.php\/2023\/12\/21\/comissao-aprova-alteracao-no-nome-do-dia-do-idoso-para-dia-nacional-do-respeito-aos-idosos\/","title":{"rendered":"Comiss\u00e3o aprova altera\u00e7\u00e3o no nome do Dia do Idoso para Dia Nacional do Respeito aos Idosos"},"content":{"rendered":"<div class=\"image-container\">\n<div class=\"midia-creditos\"><em>Bruno Spada\/C\u00e2mara dos Deputados<\/em><\/div>\n<div class=\"media-wrapper\"><\/div>\n<div class=\"midia-legenda\">O relator da proposta, deputado Aliel Machado<\/div>\n<\/div>\n<p><span>A Comiss\u00e3o de Defesa dos Direitos da Pessoa Idosa da C\u00e2mara dos Deputados aprovou o <a class=\"linkProposicao\" href=\"https:\/\/www.camara.leg.br\/noticias\/1016986-proposta-define-dia-nacional-do-respeito-aos-idosos\">Projeto de Lei 4720\/23<\/a>, que altera a<\/span> <a class=\"linkLegislacao\" href=\"https:\/\/www2.camara.gov.br\/legin\/fed\/lei\/2006\/lei-11433-28-dezembro-2006-548863-norma-pl.html\">Lei 11.433\/06<\/a><span> para denominar o Dia do Idoso como Dia Nacional do Respeito aos Idosos, mantida a celebra\u00e7\u00e3o no dia 1\u00ba de outubro.\u00a0<\/span><\/p>\n<p><span>A proposta foi apresentada pelo deputado Alberto Fraga (PL-DF) e recebeu parecer favor\u00e1vel do relator, deputado Aliel Machado (PV-PR).<\/span><\/p>\n<p><span>\u201cA mudan\u00e7a, apesar de parecer quest\u00e3o de sem\u00e2ntica, n\u00e3o o \u00e9\u201d, disse o relator. \u201cPor meio de uma mudan\u00e7a de perspectiva, devemos enxergar os idosos como fontes preciosas de experi\u00eancia, sabedoria e hist\u00f3ria\u201d, completou.\u00a0<\/span><\/p>\n<p><span>O objetivo do projeto, acrescentou Aliel Machado, &#8220;\u00e9 tratar as pessoas idosas com profunda rever\u00eancia ou considera\u00e7\u00e3o, isto \u00e9, trat\u00e1- las, nada mais, nada menos, do que com respeito\u201d.\u00a0<\/span><\/p>\n<p>Tramita\u00e7\u00e3o<br \/>\n<span> O projeto ser\u00e1 analisado em <span class=\"termoGlossario\">car\u00e1ter conclusivo<\/span> pela Comiss\u00e3o de Constitui\u00e7\u00e3o e Justi\u00e7a e de Cidadania.<\/span><\/p>\n<p><a href=\"https:\/\/www.camara.leg.br\/noticias\/573454-SAIBA-MAIS-SOBRE-A-TRAMITACAO-DE-PROJETOS-DE-LEI\">Saiba mais sobre a tramita\u00e7\u00e3o de projetos de lei<\/a><\/p>","protected":false},"excerpt":{"rendered":"<p>Bruno Spada\/C\u00e2mara dos Deputados O relator da proposta, deputado Aliel Machado A Comiss\u00e3o de Defesa dos Direitos da Pessoa Idosa da C\u00e2mara dos Deputados aprovou o Projeto de Lei 4720\/23, que altera a Lei 11.433\/06 para denominar o Dia do Idoso como Dia Nacional do Respeito aos Idosos, mantida a celebra\u00e7\u00e3o no dia 1\u00ba de [&hellip;]<\/p>\n","protected":false},"author":0,"featured_media":0,"comment_status":"open","ping_status":"open","sticky":false,"template":"","format":"standard","meta":{"footnotes":""},"categories":[1],"tags":[],"_links":{"self":[{"href":"https:\/\/jeffersonisac.adv.br\/index.php\/wp-json\/wp\/v2\/posts\/4195"}],"collection":[{"href":"https:\/\/jeffersonisac.adv.br\/index.php\/wp-json\/wp\/v2\/posts"}],"about":[{"href":"https:\/\/jeffersonisac.adv.br\/index.php\/wp-json\/wp\/v2\/types\/post"}],"replies":[{"embeddable":true,"href":"https:\/\/jeffersonisac.adv.br\/index.php\/wp-json\/wp\/v2\/comments?post=4195"}],"version-history":[{"count":0,"href":"https:\/\/jeffersonisac.adv.br\/index.php\/wp-json\/wp\/v2\/posts\/4195\/revisions"}],"wp:attachment":[{"href":"https:\/\/jeffersonisac.adv.br\/index.php\/wp-json\/wp\/v2\/media?parent=4195"}],"wp:term":[{"taxonomy":"category","embeddable":true,"href":"https:\/\/jeffersonisac.adv.br\/index.php\/wp-json\/wp\/v2\/categories?post=4195"},{"taxonomy":"post_tag","embeddable":true,"href":"https:\/\/jeffersonisac.adv.br\/index.php\/wp-json\/wp\/v2\/tags?post=4195"}],"curies":[{"name":"wp","href":"https:\/\/api.w.org\/{rel}","templated":true}]}}