{"id":4215,"date":"2023-12-22T02:54:38","date_gmt":"2023-12-22T05:54:38","guid":{"rendered":"https:\/\/jeffersonisac.adv.br\/index.php\/2023\/12\/22\/camara-define-deputados-que-vao-compor-a-comissao-representativa-do-congresso-nacional\/"},"modified":"2023-12-22T02:54:38","modified_gmt":"2023-12-22T05:54:38","slug":"camara-define-deputados-que-vao-compor-a-comissao-representativa-do-congresso-nacional","status":"publish","type":"post","link":"https:\/\/jeffersonisac.adv.br\/index.php\/2023\/12\/22\/camara-define-deputados-que-vao-compor-a-comissao-representativa-do-congresso-nacional\/","title":{"rendered":"C\u00e2mara define deputados que v\u00e3o compor a comiss\u00e3o representativa do Congresso Nacional"},"content":{"rendered":"<div class=\"image-container\">\n<div class=\"midia-creditos\"><em>Zeca Ribeiro\/C\u00e2mara dos Deputados<\/em><\/div>\n<div class=\"media-wrapper\"><\/div>\n<div class=\"midia-legenda\">Deputados em sess\u00e3o do Plen\u00e1rio<\/div>\n<\/div>\n<p>A C\u00e2mara dos Deputados elegeu, por aclama\u00e7\u00e3o, os membros da Casa que integrar\u00e3o a <span class=\"termoGlossario\">comiss\u00e3o representativa<\/span> do Congresso Nacional. O grupo de 17 titulares e 17 suplentes atua em situa\u00e7\u00f5es emergenciais durante o <span class=\"termoGlossario\">recesso<\/span> e pode ser convocado, se for necess\u00e1rio.<\/p>\n<p>A comiss\u00e3o ter\u00e1 mandato de 23 de dezembro at\u00e9 1\u00ba de fevereiro de 2024.<\/p>\n<p>Ser\u00e3o titulares:<br \/>\nAdolfo Viana (PSDB-BA), Capit\u00e3o Alberto Neto (PL-AM), Coronel Ulysses (Uni\u00e3o-AC), Delegado Paulo Bilynskyj (PL-SP), Doutor Luizinho (PP-RJ), F\u00e1bio Macedo (Podemos-MA), Guilherme Uchoa (PSB-PE), Ismael Alexandrino (PSD-GO), Maria do Ros\u00e1rio (PT-RS), Murilo Galdino (Republicanos-PB), Odair Cunha (PT-MG), Paulo Marinho Jr (PL-MA), Pompeo de Mattos (PDT-RS), Prof. Paulo Fernando (Republicanos-DF), Rafael Prudente (MDB-DF), Rubens Otoni (PT-GO) e Chico Alencar (Psol-RJ).<\/p>\n<p>Ser\u00e3o suplentes:<br \/>\nAlex Manente (Cidadania-SP), Antonio Brito (PSD-BA), Dami\u00e3o Feliciano (Uni\u00e3o-PB), Delegada Adriana Accorsi (PT-GO), Dr. Victor Linhalis (Podemos-ES), Dr. Zacharias Calil (Uni\u00e3o-GO), Eli Borges (PL-TO), Evair Vieira de Melo (PP-ES), Fred Linhares (Republicanos-DF), Henrique J\u00fanior (PL-MA), Jack Rocha (PT-ES), Josenildo (PDT-AP), Luciano Galego (PL-MA), Marussa Boldrin (MDB-GO), Padre Jo\u00e3o (PT-MG), Pedro Campos (PSB-PE) e Guilherme Boulos (Psol-SP).<\/p>","protected":false},"excerpt":{"rendered":"<p>Zeca Ribeiro\/C\u00e2mara dos Deputados Deputados em sess\u00e3o do Plen\u00e1rio A C\u00e2mara dos Deputados elegeu, por aclama\u00e7\u00e3o, os membros da Casa que integrar\u00e3o a comiss\u00e3o representativa do Congresso Nacional. O grupo de 17 titulares e 17 suplentes atua em situa\u00e7\u00f5es emergenciais durante o recesso e pode ser convocado, se for necess\u00e1rio. A comiss\u00e3o ter\u00e1 mandato de [&hellip;]<\/p>\n","protected":false},"author":0,"featured_media":0,"comment_status":"open","ping_status":"open","sticky":false,"template":"","format":"standard","meta":{"footnotes":""},"categories":[1],"tags":[],"_links":{"self":[{"href":"https:\/\/jeffersonisac.adv.br\/index.php\/wp-json\/wp\/v2\/posts\/4215"}],"collection":[{"href":"https:\/\/jeffersonisac.adv.br\/index.php\/wp-json\/wp\/v2\/posts"}],"about":[{"href":"https:\/\/jeffersonisac.adv.br\/index.php\/wp-json\/wp\/v2\/types\/post"}],"replies":[{"embeddable":true,"href":"https:\/\/jeffersonisac.adv.br\/index.php\/wp-json\/wp\/v2\/comments?post=4215"}],"version-history":[{"count":0,"href":"https:\/\/jeffersonisac.adv.br\/index.php\/wp-json\/wp\/v2\/posts\/4215\/revisions"}],"wp:attachment":[{"href":"https:\/\/jeffersonisac.adv.br\/index.php\/wp-json\/wp\/v2\/media?parent=4215"}],"wp:term":[{"taxonomy":"category","embeddable":true,"href":"https:\/\/jeffersonisac.adv.br\/index.php\/wp-json\/wp\/v2\/categories?post=4215"},{"taxonomy":"post_tag","embeddable":true,"href":"https:\/\/jeffersonisac.adv.br\/index.php\/wp-json\/wp\/v2\/tags?post=4215"}],"curies":[{"name":"wp","href":"https:\/\/api.w.org\/{rel}","templated":true}]}}