{"id":4222,"date":"2023-12-22T11:05:50","date_gmt":"2023-12-22T14:05:50","guid":{"rendered":"https:\/\/jeffersonisac.adv.br\/index.php\/2023\/12\/22\/comissao-aprova-inclusao-de-respeito-ao-meio-ambiente-entre-objetivos-do-credito-rural\/"},"modified":"2023-12-22T11:05:50","modified_gmt":"2023-12-22T14:05:50","slug":"comissao-aprova-inclusao-de-respeito-ao-meio-ambiente-entre-objetivos-do-credito-rural","status":"publish","type":"post","link":"https:\/\/jeffersonisac.adv.br\/index.php\/2023\/12\/22\/comissao-aprova-inclusao-de-respeito-ao-meio-ambiente-entre-objetivos-do-credito-rural\/","title":{"rendered":"Comiss\u00e3o aprova inclus\u00e3o de respeito ao meio ambiente entre objetivos do cr\u00e9dito rural"},"content":{"rendered":"<div class=\"image-container\">\n<div class=\"midia-creditos\"><em>Bruno Spada\/C\u00e2mara dos Deputados<\/em><\/div>\n<div class=\"media-wrapper\"><\/div>\n<div class=\"midia-legenda\">Marcelo Queiroz retirou parte do texto original que considerou redundante<\/div>\n<\/div>\n<p>A Comiss\u00e3o de Meio Ambiente e Desenvolvimento Sustent\u00e1vel da C\u00e2mara dos Deputados aprovou projeto de lei que inclui entre os objetivos do cr\u00e9dito rural promover m\u00e9todos de produ\u00e7\u00e3o agr\u00edcola e pecu\u00e1ria que respeitem o meio ambiente e o desenvolvimentos sustent\u00e1vel.<\/p>\n<p>O texto aprovado foi o <span class=\"termoGlossario\">substitutivo<\/span> do relator, deputado Marcelo Queiroz (PP-RJ), ao Projeto de Lei 4417\/23. A proposta original, do deputado Juninho do Pneu (Uni\u00e3o-RJ), cria um programa para incentivar pr\u00e1ticas sustent\u00e1veis entre pequenos produtores rurais.<\/p>\n<p>O relator decidiu retirar toda essa parte porque, segundo ele, j\u00e1 existe uma pol\u00edtica semelhante, do Minist\u00e9rio da Agricultura, chamada Plano ABC+. \u201cN\u00e3o \u00e9 conveniente criar uma nova lei que se sobreponha \u00e0s vigentes\u201d, disse Queiroz.<\/p>\n<p>O texto altera a <a href=\"https:\/\/www2.camara.leg.br\/legin\/fed\/lei\/1960-1969\/lei-4829-5-novembro-1965-368469-norma-pl.html\">Lei 4.829\/65<\/a>, que disciplina o cr\u00e9dito rural no Brasil.<\/p>\n<p><strong>Tramita\u00e7\u00e3o<\/strong><br \/>\nO projeto ser\u00e1 analisado ainda, em <span class=\"termoGlossario\">car\u00e1ter conclusivo<\/span>, pelas comiss\u00f5es de Agricultura, Pecu\u00e1ria, Abastecimento e Desenvolvimento Rural; de Finan\u00e7as e Tributa\u00e7\u00e3o; e de Constitui\u00e7\u00e3o e Justi\u00e7a e de Cidadania (CCJ).<\/p>\n<p><a href=\"https:\/\/www.camara.leg.br\/noticias\/573454-SAIBA-MAIS-SOBRE-A-TRAMITACAO-DE-PROJETOS-DE-LEI\">Saiba mais sobre a tramita\u00e7\u00e3o de projetos de lei<\/a><\/p>","protected":false},"excerpt":{"rendered":"<p>Bruno Spada\/C\u00e2mara dos Deputados Marcelo Queiroz retirou parte do texto original que considerou redundante A Comiss\u00e3o de Meio Ambiente e Desenvolvimento Sustent\u00e1vel da C\u00e2mara dos Deputados aprovou projeto de lei que inclui entre os objetivos do cr\u00e9dito rural promover m\u00e9todos de produ\u00e7\u00e3o agr\u00edcola e pecu\u00e1ria que respeitem o meio ambiente e o desenvolvimentos sustent\u00e1vel. O [&hellip;]<\/p>\n","protected":false},"author":0,"featured_media":0,"comment_status":"open","ping_status":"open","sticky":false,"template":"","format":"standard","meta":{"footnotes":""},"categories":[1],"tags":[],"_links":{"self":[{"href":"https:\/\/jeffersonisac.adv.br\/index.php\/wp-json\/wp\/v2\/posts\/4222"}],"collection":[{"href":"https:\/\/jeffersonisac.adv.br\/index.php\/wp-json\/wp\/v2\/posts"}],"about":[{"href":"https:\/\/jeffersonisac.adv.br\/index.php\/wp-json\/wp\/v2\/types\/post"}],"replies":[{"embeddable":true,"href":"https:\/\/jeffersonisac.adv.br\/index.php\/wp-json\/wp\/v2\/comments?post=4222"}],"version-history":[{"count":0,"href":"https:\/\/jeffersonisac.adv.br\/index.php\/wp-json\/wp\/v2\/posts\/4222\/revisions"}],"wp:attachment":[{"href":"https:\/\/jeffersonisac.adv.br\/index.php\/wp-json\/wp\/v2\/media?parent=4222"}],"wp:term":[{"taxonomy":"category","embeddable":true,"href":"https:\/\/jeffersonisac.adv.br\/index.php\/wp-json\/wp\/v2\/categories?post=4222"},{"taxonomy":"post_tag","embeddable":true,"href":"https:\/\/jeffersonisac.adv.br\/index.php\/wp-json\/wp\/v2\/tags?post=4222"}],"curies":[{"name":"wp","href":"https:\/\/api.w.org\/{rel}","templated":true}]}}