{"id":4229,"date":"2023-12-22T13:53:34","date_gmt":"2023-12-22T16:53:34","guid":{"rendered":"https:\/\/jeffersonisac.adv.br\/index.php\/2023\/12\/22\/comissao-aprova-projeto-que-obriga-empregador-a-comunicar-casos-de-doenca-que-necessite-de-quarentena\/"},"modified":"2023-12-22T13:53:34","modified_gmt":"2023-12-22T16:53:34","slug":"comissao-aprova-projeto-que-obriga-empregador-a-comunicar-casos-de-doenca-que-necessite-de-quarentena","status":"publish","type":"post","link":"https:\/\/jeffersonisac.adv.br\/index.php\/2023\/12\/22\/comissao-aprova-projeto-que-obriga-empregador-a-comunicar-casos-de-doenca-que-necessite-de-quarentena\/","title":{"rendered":"Comiss\u00e3o aprova projeto que obriga empregador a comunicar casos de doen\u00e7a que necessite de quarentena"},"content":{"rendered":"<div class=\"image-container\">\n<div class=\"midia-creditos\"><em>Zeca Ribeiro\/C\u00e2mara dos Deputados<\/em><\/div>\n<div class=\"media-wrapper\"><\/div>\n<div class=\"midia-legenda\">Fl\u00e1via Morais recomendou aprova\u00e7\u00e3o de substitutivo<\/div>\n<\/div>\n<p>A Comiss\u00e3o de Sa\u00fade da C\u00e2mara dos Deputados aprovou projeto de lei que obriga os empregadores (p\u00fablicos ou privados) a comunicarem \u00e0 autoridade sanit\u00e1ria e aos seus funcion\u00e1rios a ocorr\u00eancia, no local de trabalho, de casos de doen\u00e7as que necessitem de isolamento ou quarentena. A falta desse aviso implica a aplica\u00e7\u00e3o de multa ao infrator.<\/p>\n<p>Por recomenda\u00e7\u00e3o da relatora, deputada Fl\u00e1via Morais (PDT-GO), foi aprovado o <span class=\"termoGlossario\">substitutivo<\/span> da Comiss\u00e3o de Trabalho, ao <a class=\"linkProposicao\" href=\"https:\/\/www.camara.leg.br\/noticias\/850463-proposta-exige-que-empresa-informe-casos-de-doenca-no-local-de-trabalho-quando-a-quarentena-for-necessaria\">Projeto de Lei 4376\/21<\/a>, da deputada Jandira Feghali (PCdoB-RJ). Esse substitutivo j\u00e1 havia sido\u00a0<a href=\"https:\/\/www.camara.leg.br\/noticias\/972334-COMISSAO-APROVA-PROJETO-QUE-OBRIGA-EMPRESA-A-COMUNICAR-DOENCA-QUE-EXIGE-QUARENTENA\">aprovado anteriormente<\/a> e foi apresentado pelo deputado Daniel Almeida (PCdoB-BA).<\/p>\n<p><strong>Plataforma de notifica\u00e7\u00e3o<br \/>\n<\/strong>\u201cA notifica\u00e7\u00e3o compuls\u00f3ria de determinadas doen\u00e7as \u00e9 um dos processos primordiais para o in\u00edcio da atua\u00e7\u00e3o da vigil\u00e2ncia epidemiol\u00f3gica\u201d, disse Morais. Ela\u00a0acrescentou uma emenda para estabelecer que a notifica\u00e7\u00e3o \u00e0 autoridade sanit\u00e1ria depende da disponibiliza\u00e7\u00e3o de plataforma online simplificada ao cidad\u00e3o. Essa e as demais regras s\u00e3o inseridas na <a href=\"https:\/\/www2.camara.gov.br\/legin\/fed\/lei\/1970-1979\/lei-6259-30-outubro-1975-357094-norma-pl.html\">Lei de Vigil\u00e2ncia Epidemiol\u00f3gica<\/a>.<\/p>\n<p><strong>Tramita\u00e7\u00e3o<br \/>\n<\/strong>A proposta ainda vai ser analisada, em <span class=\"termoGlossario\">car\u00e1ter conclusivo<\/span>, na Comiss\u00e3o de Constitui\u00e7\u00e3o e Justi\u00e7a e de Cidadania (CCJ).<\/p>\n<p><a href=\"https:\/\/www.camara.leg.br\/noticias\/573454-SAIBA-MAIS-SOBRE-A-TRAMITACAO-DE-PROJETOS-DE-LEI\">Saiba mais sobre a tramita\u00e7\u00e3o de projetos de lei<\/a><\/p>","protected":false},"excerpt":{"rendered":"<p>Zeca Ribeiro\/C\u00e2mara dos Deputados Fl\u00e1via Morais recomendou aprova\u00e7\u00e3o de substitutivo A Comiss\u00e3o de Sa\u00fade da C\u00e2mara dos Deputados aprovou projeto de lei que obriga os empregadores (p\u00fablicos ou privados) a comunicarem \u00e0 autoridade sanit\u00e1ria e aos seus funcion\u00e1rios a ocorr\u00eancia, no local de trabalho, de casos de doen\u00e7as que necessitem de isolamento ou quarentena. A [&hellip;]<\/p>\n","protected":false},"author":0,"featured_media":0,"comment_status":"open","ping_status":"open","sticky":false,"template":"","format":"standard","meta":{"footnotes":""},"categories":[1],"tags":[],"_links":{"self":[{"href":"https:\/\/jeffersonisac.adv.br\/index.php\/wp-json\/wp\/v2\/posts\/4229"}],"collection":[{"href":"https:\/\/jeffersonisac.adv.br\/index.php\/wp-json\/wp\/v2\/posts"}],"about":[{"href":"https:\/\/jeffersonisac.adv.br\/index.php\/wp-json\/wp\/v2\/types\/post"}],"replies":[{"embeddable":true,"href":"https:\/\/jeffersonisac.adv.br\/index.php\/wp-json\/wp\/v2\/comments?post=4229"}],"version-history":[{"count":0,"href":"https:\/\/jeffersonisac.adv.br\/index.php\/wp-json\/wp\/v2\/posts\/4229\/revisions"}],"wp:attachment":[{"href":"https:\/\/jeffersonisac.adv.br\/index.php\/wp-json\/wp\/v2\/media?parent=4229"}],"wp:term":[{"taxonomy":"category","embeddable":true,"href":"https:\/\/jeffersonisac.adv.br\/index.php\/wp-json\/wp\/v2\/categories?post=4229"},{"taxonomy":"post_tag","embeddable":true,"href":"https:\/\/jeffersonisac.adv.br\/index.php\/wp-json\/wp\/v2\/tags?post=4229"}],"curies":[{"name":"wp","href":"https:\/\/api.w.org\/{rel}","templated":true}]}}