{"id":4238,"date":"2023-12-26T10:58:14","date_gmt":"2023-12-26T13:58:14","guid":{"rendered":"https:\/\/jeffersonisac.adv.br\/index.php\/2023\/12\/26\/apos-decadas-de-negociacao-o-congresso-aprovou-a-reforma-tributaria-em-2023\/"},"modified":"2023-12-26T10:58:14","modified_gmt":"2023-12-26T13:58:14","slug":"apos-decadas-de-negociacao-o-congresso-aprovou-a-reforma-tributaria-em-2023","status":"publish","type":"post","link":"https:\/\/jeffersonisac.adv.br\/index.php\/2023\/12\/26\/apos-decadas-de-negociacao-o-congresso-aprovou-a-reforma-tributaria-em-2023\/","title":{"rendered":"Ap\u00f3s d\u00e9cadas de negocia\u00e7\u00e3o, o Congresso aprovou a reforma tribut\u00e1ria em 2023"},"content":{"rendered":"<div class=\"image-container\">\n<div class=\"midia-creditos\"><em>Alan Santos\/C\u00e2mara dos Deputados<\/em><\/div>\n<div class=\"media-wrapper\"><\/div>\n<div class=\"midia-legenda\">Presidentes Lula, Pacheco e Lira na promulga\u00e7\u00e3o da reforma tribut\u00e1ria<\/div>\n<\/div>\n<p>Depois de d\u00e9cadas de debates, o principal tema <a href=\"https:\/\/www.camara.leg.br\/noticias\/1027138-camara-conclui-votacao-da-reforma-tributaria-texto-sera-promulgado-na-quarta-feira\/\">aprovado pela C\u00e2mara dos Deputados em 2023 foi a reforma tribut\u00e1ria (PEC 45\/19)<\/a>, que unifica impostos e simplifica legisla\u00e7\u00f5es para criar dois tributos (um estadual\/municipal e outro federal) incidentes sobre o consumo.<\/p>\n<p>Apesar de ainda depender de leis para regulamentar o novo sistema tribut\u00e1rio, a Emenda Constitucional 132, <a href=\"https:\/\/www.camara.leg.br\/noticias\/1028443-reforma-tributaria-e-promulgada-pelo-congresso-lira-preve-a-geracao-de-milhares-de-empregos\/\">promulgada em 20 de dezembro<\/a>, prev\u00ea uma transi\u00e7\u00e3o de 49 anos (2029 a 2077) ap\u00f3s o fim do <span class=\"termoGlossario\">ICMS<\/span> e do <span class=\"termoGlossario\">ISS<\/span> para evitar quedas sucessivas de arrecada\u00e7\u00e3o dos entes federados com a cobran\u00e7a do novo tributo (IBS) pelo local de consumo do bem ou servi\u00e7o.<\/p>\n<p><a href=\"https:\/\/www.camara.leg.br\/noticias\/573448-saiba-mais-sobre-a-tramitacao-de-pecs\/\">Saiba mais sobre a tramita\u00e7\u00e3o de propostas de emenda \u00e0 Constitui\u00e7\u00e3o<\/a><\/p>\n<p>Ainda na \u00e1rea de economia, em 2023 os deputados aprovaram o novo arcabou\u00e7o fiscal (<a href=\"https:\/\/www.camara.leg.br\/noticias\/989991-CAMARA-CONCLUI-VOTACAO-DO-ARCABOUCO-FISCAL-E-PRESERVA-FUNDEB-E-FCDF\">PLP 93\/23,<\/a> que originou a <a class=\"linkLegislacao\" href=\"https:\/\/www2.camara.gov.br\/legin\/fed\/leicom\/2023\/leicomplementar-200-30-agosto-2023-794631-norma-pl.html\">Lei Complementar 200\/23<\/a>), estabelecendo limites para a despesa p\u00fablica ao mesmo tempo em que garante um m\u00ednimo de aumento de despesas. Excessos de arrecada\u00e7\u00e3o poder\u00e3o ser usados para investimentos e, se o resultado prim\u00e1rio n\u00e3o for cumprido, o aumento de receitas ser\u00e1 menor.<\/p>\n<p><strong>Aumento de arrecada\u00e7\u00e3o<\/strong><br \/>\nEm raz\u00e3o do desenho desse regime fiscal, buscou-se um aumento de arrecada\u00e7\u00e3o federal para evitar cortes dr\u00e1sticos em setores considerados importantes, como programas sociais e investimentos.<\/p>\n<p><a href=\"https:\/\/www.camara.leg.br\/noticias\/606442-conheca-a-tramitacao-de-projetos-de-lei-complementar\/\">Saiba mais sobre a tramita\u00e7\u00e3o de projetos de lei complementar<\/a><\/p>\n<p>Assim, foram aprovadas medidas como a volta do voto de desempate no Conselho Administrativo de Recursos Fiscais (Carf) a favor da Fazenda p\u00fablica (<a href=\"https:\/\/www.camara.leg.br\/noticias\/978602-CAMARA-APROVA-PROJETO-QUE-RESTABELECE-O-VOTO-DE-DESEMPATE-DO-GOVERNO-NAS-DECISOES-DO-CARF\">Projeto de Lei (PL) 2384\/23<\/a>, que originou a\u00a0<a class=\"linkLegislacao\" href=\"https:\/\/www2.camara.gov.br\/legin\/fed\/lei\/2023\/lei-14689-20-setembro-2023-794729-norma-pl.html\">Lei 14.689\/23<\/a>). Desde 2020, o governo tinha perdido a prerrogativa de dar o voto decisivo durante os julgamentos.<\/p>\n<p><a href=\"https:\/\/www.camara.leg.br\/noticias\/573454-SAIBA-MAIS-SOBRE-A-TRAMITACAO-DE-PROJETOS-DE-LEI\">Saiba mais sobre a tramita\u00e7\u00e3o de projetos de lei<\/a><\/p>\n<p>No mesmo sentido, foi aprovado o <a href=\"https:\/\/www.camara.leg.br\/noticias\/1010815-CAMARA-APROVA-PROJETO-QUE-TRIBUTA-INVESTIMENTOS-DE-BRASILEIROS-EM-OFFSHORES-E-FUNDOS-DE-ALTA-RENDA\">Projeto de Lei 4173\/23<\/a>, que originou a <a class=\"linkLegislacao\" href=\"https:\/\/www2.camara.gov.br\/legin\/fed\/lei\/2023\/lei-14754-12-dezembro-2023-795058-norma-pl.html\">Lei 14.754\/23<\/a>, que tributa antecipadamente fundos fechados destinados a investidores de alta renda (acima de R$ 10 milh\u00f5es).<\/p>\n<p><strong>Direitos da mulher<br \/>\n<\/strong>N\u00e3o s\u00f3 de economia o Plen\u00e1rio da C\u00e2mara tratou neste ano. V\u00e1rios projetos ao longo do ano, selecionados pela bancada feminina, foram aprovados com o intuito de combater a viol\u00eancia contra a mulher e melhorar o exerc\u00edcio de seus direitos.<\/p>\n<div class=\"image-container\">\n<div class=\"midia-creditos\"><em>Marina Ramos\/C\u00e2mara dos Deputados<\/em><\/div>\n<div class=\"media-wrapper\"><\/div>\n<div class=\"midia-legenda\">Bancada Feminina se mobilizou para aprovar temas relacionados \u00e0 igualdade de g\u00eanero<\/div>\n<\/div>\n<p>Alguns deles j\u00e1 viraram lei, dos quais destacam-se:<\/p>\n<p>novas exig\u00eancias para fiscalizar a igualdade salarial entre homens e mulheres na realiza\u00e7\u00e3o de trabalho de igual valor (<a class=\"linkLegislacao\" href=\"https:\/\/www2.camara.gov.br\/legin\/fed\/lei\/2023\/lei-14611-3-julho-2023-794396-norma-pl.html\">Lei 14.611\/23<\/a>, legisla\u00e7\u00e3o surgida do <a href=\"https:\/\/www.camara.leg.br\/noticias\/958487-CAMARA-APROVA-PROJETO-QUE-EXIGE-DAS-EMPRESAS-PUBLICACAO-DE-RELATORIOS-SOBRE-IGUALDADE-SALARIAL-ENTRE-HOMENS-E-MULHERES\">Projeto de Lei 1085\/23<\/a>);<br \/>\npens\u00e3o especial para filhos e outros dependentes menores de 18 anos de mulheres v\u00edtimas de feminic\u00eddio (<a class=\"linkLegislacao\" href=\"https:\/\/www2.camara.gov.br\/legin\/fed\/lei\/2023\/lei-14717-31-outubro-2023-794885-norma-pl.html\">Lei 14.717\/23<\/a>, oriunda do <a href=\"https:\/\/www.camara.leg.br\/noticias\/943841-CAMARA-APROVA-PROPOSTA-QUE-INSTITUI-PENSAO-ESPECIAL-A-FILHOS-DAS-VITIMAS-DE-FEMINICIDIO\">PL 976\/22<\/a>);<br \/>\nconcess\u00e3o sum\u00e1ria de medidas protetivas de urg\u00eancia para mulheres v\u00edtimas de viol\u00eancia a partir da den\u00fancia a qualquer autoridade policial (<a class=\"linkLegislacao\" href=\"https:\/\/www2.camara.gov.br\/legin\/fed\/lei\/2023\/lei-14550-19-abril-2023-794072-norma-pl.html\">Lei 14.550\/23,<\/a> oriunda do <a href=\"https:\/\/www.camara.leg.br\/noticias\/947084-camara-aprova-projeto-que-determina-protecao-imediata-a-mulher-que-denuncia-violencia\/\">PL 1604\/22<\/a>);<br \/>\ndireito de troca de implante mam\u00e1rio, colocado em virtude de tratamento de c\u00e2ncer, sempre que houver complica\u00e7\u00f5es ou efeitos adversos (<a class=\"linkLegislacao\" href=\"https:\/\/www2.camara.gov.br\/legin\/fed\/lei\/2023\/lei-14538-31-marco-2023-793982-norma-pl.html\">Lei 14.538\/23<\/a> oriunda do <a href=\"https:\/\/www.camara.leg.br\/noticias\/943548-CAMARA-APROVA-DIREITO-A-TROCA-DE-IMPLANTE-MAMARIO-PARA-PACIENTE-DE-CANCER\">PL 2113\/19<\/a>); e<br \/>\ndireito de indicar acompanhante durante consultas e exames (<a class=\"linkLegislacao\" href=\"https:\/\/www2.camara.gov.br\/legin\/fed\/lei\/2023\/lei-14737-27-novembro-2023-794991-norma-pl.html\">Lei 14.737\/23<\/a> oriunda do <a href=\"https:\/\/www.camara.leg.br\/noticias\/1013203-CAMARA-APROVA-AMPLIACAO-DO-DIREITO-DA-MULHER-A-ACOMPANHANTE-NOS-SERVICOS-DE-SAUDE\">PL 81\/22<\/a>).<\/p>\n<p><strong>Sa\u00fade<br \/>\n<\/strong>Na \u00e1rea de sa\u00fade, a C\u00e2mara aprovou, por exemplo, a <a href=\"https:\/\/www.camara.leg.br\/noticias\/980377-CAMARA-APROVOU-A-MP-DO-NOVO-PROGRAMA-MAIS-MEDICOS\">Medida Provis\u00f3ria 1165\/23<\/a>, que muda o programa Mais M\u00e9dicos para permitir a prorroga\u00e7\u00e3o de contratos e criar indeniza\u00e7\u00f5es de incentivo ao exerc\u00edcio da atividade em \u00e1reas de dif\u00edcil fixa\u00e7\u00e3o.<\/p>\n<p>A medida foi convertida na <a class=\"linkLegislacao\" href=\"https:\/\/www2.camara.gov.br\/legin\/fed\/lei\/2023\/lei-14621-14-julho-2023-794437-norma-pl.html\">Lei 14.621\/23<\/a> e prev\u00ea a possibilidade de usar recursos de telessa\u00fade quando necess\u00e1rio.<\/p>\n<p><strong>Educa\u00e7\u00e3o<br \/>\n<\/strong>Com previs\u00e3o de in\u00edcio em 2024, a C\u00e2mara dos Deputados aprovou incentivo financeiro educacional, na modalidade poupan\u00e7a, para estimular alunos do ensino m\u00e9dio a permanecerem na escola e conclu\u00edrem o curso.<\/p>\n<p>O <a href=\"https:\/\/www.camara.leg.br\/noticias\/1026095-CAMARA-APROVA-DIRECIONAMENTO-DE-RECURSOS-PARA-PAGAR-INCENTIVO-A-ESTUDANTES-DO-ENSINO-MEDIO\">Projeto de Lei 54\/21<\/a> aguarda san\u00e7\u00e3o presidencial e cria um fundo com aporte de R$ 20 bilh\u00f5es pela Uni\u00e3o para fazer frente \u00e0s despesas.<\/p>\n<p><strong>Direitos sociais<br \/>\n<\/strong>Na \u00e1rea de direitos sociais, a C\u00e2mara dos Deputados aprovou projeto que estende o direito a atendimento priorit\u00e1rio nos servi\u00e7os para pessoas com transtorno do espectro autista e com mobilidade reduzida. O <a href=\"https:\/\/www.camara.leg.br\/noticias\/959875-CAMARA-APROVA-PRIORIDADE-DE-ATENDIMENTO-EM-ORGAOS-PUBLICOS-PARA-AUTISTAS-E-PESSOAS-COM-MOBILIDADE-REDUZIDA\">Projeto de Lei 1855\/20<\/a> j\u00e1 foi convertido na <a class=\"linkLegislacao\" href=\"https:\/\/www2.camara.gov.br\/legin\/fed\/lei\/2023\/lei-14626-19-julho-2023-794446-norma-pl.html\">Lei 14.626\/23<\/a>.<\/p>\n<p><strong>Energia e Meio Ambiente<br \/>\n<\/strong>Por meio da <a href=\"https:\/\/www.camara.leg.br\/noticias\/980395-CAMARA-APROVOU-CRIACAO-DO-MARCO-TEMPORAL-DA-OCUPACAO-DE-TERRAS-POR-POVOS-INDIGENAS\">Medida Provis\u00f3ria 1151\/22<\/a>, a C\u00e2mara dos Deputados aprovou mudan\u00e7as nas regras da lei de gest\u00e3o de florestas p\u00fablicas por concess\u00e3o, permitindo a explora\u00e7\u00e3o de outras atividades n\u00e3o madeireiras e o aproveitamento e comercializa\u00e7\u00e3o de cr\u00e9ditos de carbono. A MP foi convertida na <a class=\"linkLegislacao\" href=\"https:\/\/www2.camara.gov.br\/legin\/fed\/lei\/2023\/lei-14590-24-maio-2023-794219-norma-pl.html\">Lei 14.590\/23<\/a>.<\/p>\n<p>Para incentivar a produ\u00e7\u00e3o de hidrog\u00eanio considerado de baixa emiss\u00e3o de carbono, a C\u00e2mara dos Deputados aprovou o <a href=\"https:\/\/www.camara.leg.br\/noticias\/1020557-CAMARA-APROVA-CERTIFICACAO-E-INCENTIVOS-PARA-HIDROGENIO-COM-BAIXA-EMISSAO-DE-CARBONO\">Projeto de Lei 2308\/23<\/a>, que passou a tramitar no Senado.<\/p>\n<p>De acordo com o texto, haver\u00e1 uma certifica\u00e7\u00e3o volunt\u00e1ria e incentivos federais tribut\u00e1rios na compra ou importa\u00e7\u00e3o de m\u00e1quinas e equipamentos novos e de materiais de constru\u00e7\u00e3o destinados aos projetos de hidrog\u00eanio.<\/p>\n<p><strong>N\u00fameros<br \/>\n<\/strong>Em 2023, o Plen\u00e1rio da C\u00e2mara dos Deputados aprovou 137 projetos de lei, 22 medidas provis\u00f3rias, 25 projetos de decreto legislativo, 8 projetos de resolu\u00e7\u00e3o, 8 projetos de lei complementar e 3 propostas de emenda \u00e0 Constitui\u00e7\u00e3o (PEC).<\/p>\n<p>A <em>Ag\u00eancia C\u00e2mara<\/em> est\u00e1 publicando um balan\u00e7o dessas vota\u00e7\u00f5es dividas por tema.<\/p>","protected":false},"excerpt":{"rendered":"<p>Alan Santos\/C\u00e2mara dos Deputados Presidentes Lula, Pacheco e Lira na promulga\u00e7\u00e3o da reforma tribut\u00e1ria Depois de d\u00e9cadas de debates, o principal tema aprovado pela C\u00e2mara dos Deputados em 2023 foi a reforma tribut\u00e1ria (PEC 45\/19), que unifica impostos e simplifica legisla\u00e7\u00f5es para criar dois tributos (um estadual\/municipal e outro federal) incidentes sobre o consumo. Apesar [&hellip;]<\/p>\n","protected":false},"author":0,"featured_media":0,"comment_status":"open","ping_status":"open","sticky":false,"template":"","format":"standard","meta":{"footnotes":""},"categories":[1],"tags":[],"_links":{"self":[{"href":"https:\/\/jeffersonisac.adv.br\/index.php\/wp-json\/wp\/v2\/posts\/4238"}],"collection":[{"href":"https:\/\/jeffersonisac.adv.br\/index.php\/wp-json\/wp\/v2\/posts"}],"about":[{"href":"https:\/\/jeffersonisac.adv.br\/index.php\/wp-json\/wp\/v2\/types\/post"}],"replies":[{"embeddable":true,"href":"https:\/\/jeffersonisac.adv.br\/index.php\/wp-json\/wp\/v2\/comments?post=4238"}],"version-history":[{"count":0,"href":"https:\/\/jeffersonisac.adv.br\/index.php\/wp-json\/wp\/v2\/posts\/4238\/revisions"}],"wp:attachment":[{"href":"https:\/\/jeffersonisac.adv.br\/index.php\/wp-json\/wp\/v2\/media?parent=4238"}],"wp:term":[{"taxonomy":"category","embeddable":true,"href":"https:\/\/jeffersonisac.adv.br\/index.php\/wp-json\/wp\/v2\/categories?post=4238"},{"taxonomy":"post_tag","embeddable":true,"href":"https:\/\/jeffersonisac.adv.br\/index.php\/wp-json\/wp\/v2\/tags?post=4238"}],"curies":[{"name":"wp","href":"https:\/\/api.w.org\/{rel}","templated":true}]}}