{"id":4244,"date":"2023-12-27T12:16:27","date_gmt":"2023-12-27T15:16:27","guid":{"rendered":"https:\/\/jeffersonisac.adv.br\/index.php\/2023\/12\/27\/camara-aprovou-projeto-que-regulamenta-exploracao-de-energia-eletrica-em-alto-mar\/"},"modified":"2023-12-27T12:16:27","modified_gmt":"2023-12-27T15:16:27","slug":"camara-aprovou-projeto-que-regulamenta-exploracao-de-energia-eletrica-em-alto-mar","status":"publish","type":"post","link":"https:\/\/jeffersonisac.adv.br\/index.php\/2023\/12\/27\/camara-aprovou-projeto-que-regulamenta-exploracao-de-energia-eletrica-em-alto-mar\/","title":{"rendered":"C\u00e2mara aprovou projeto que regulamenta explora\u00e7\u00e3o de energia el\u00e9trica em alto-mar"},"content":{"rendered":"<div class=\"image-container\">\n<div class=\"midia-creditos\"><em>Zeca Ribeiro\/C\u00e2mara dos Deputados<\/em><\/div>\n<div class=\"media-wrapper\"><\/div>\n<div class=\"midia-legenda\">Z\u00e9 Vitor apresentou o substitutivo que foi encaminhado ao Senado<\/div>\n<\/div>\n<p>Em 2023, o Plen\u00e1rio da C\u00e2mara dos Deputados aprovou 137 projetos de lei, 22 medidas provis\u00f3rias, 25 projetos de decreto legislativo, 8 projetos de resolu\u00e7\u00e3o, 8 projetos de lei complementar e 3 propostas de emenda \u00e0 Constitui\u00e7\u00e3o (PECs). A <em>Ag\u00eancia C\u00e2mara<\/em> est\u00e1 publicando um balan\u00e7o dessas vota\u00e7\u00f5es dividas por tema.<\/p>\n<p>Na \u00e1rea de energia, destaca-se a regulamenta\u00e7\u00e3o da oferta e da outorga de \u00e1reas para explora\u00e7\u00e3o de energia el\u00e9trica em alto-mar (<em>offfshore<\/em>).<\/p>\n<p>O texto aprovado \u00e9 um <span class=\"termoGlossario\">substitutivo<\/span> do deputado Z\u00e9 Vitor (PL-MG) para o <a href=\"https:\/\/www.camara.leg.br\/noticias\/1020965-CAMARA-APROVA-EXPLORACAO-DE-ENERGIA-EOLICA-EM-ALTO-MAR,-COM-RESERVA-PARA-CARVAO\">Projeto de Lei 11247\/18<\/a>, do Senado. Devido \u00e0s mudan\u00e7as feitas na C\u00e2mara, o projeto retornou para nova vota\u00e7\u00e3o dos senadores.<\/p>\n<p><a href=\"https:\/\/www.camara.leg.br\/noticias\/573454-SAIBA-MAIS-SOBRE-A-TRAMITACAO-DE-PROJETOS-DE-LEI\">Saiba mais sobre a tramita\u00e7\u00e3o de projetos de lei<\/a><\/p>\n<p>Pela proposta, caber\u00e1 ao Poder Executivo definir as \u00e1reas em que poder\u00e3o ser instalados os equipamentos geradores, devendo harmonizar as pol\u00edticas p\u00fablicas de seus \u00f3rg\u00e3os (como Energia e Meio Ambiente), a fim evitar ou mitigar potenciais conflitos no uso dessas \u00e1reas.<\/p>\n<p>O texto incorpora ainda mudan\u00e7as na obrigatoriedade de contrata\u00e7\u00e3o de energia de termel\u00e9tricas a g\u00e1s natural vinculada \u00e0 privatiza\u00e7\u00e3o da Eletrobras e determina a compra de energia de reserva gerada a partir do carv\u00e3o mineral.<\/p>\n<p><strong>Autoriza\u00e7\u00e3o<br \/>\n<\/strong>A explora\u00e7\u00e3o de energia el\u00e9trica em instala\u00e7\u00f5es <em>offshore<\/em> depender\u00e1 de autoriza\u00e7\u00e3o ou de concess\u00e3o e ser\u00e1 proibida em determinados locais, como:<\/p>\n<p>\u00e1reas protegidas pela legisla\u00e7\u00e3o ambiental;<br \/>\n\u00e1reas reservadas para as For\u00e7as Armadas realizarem exerc\u00edcios; e<br \/>\n\u00e1reas tombadas como paisagem cultural e natural nos locais tur\u00edsticos do Pa\u00eds.<\/p>\n<p><strong>Comercializa\u00e7\u00e3o<\/strong><br \/>\nJ\u00e1 o direito de comercializar cr\u00e9ditos de carbono ou ativos semelhantes derivados da gera\u00e7\u00e3o el\u00e9trica tamb\u00e9m poder\u00e1 ser inclu\u00eddo no objeto da outorga, segundo regulamento.<\/p>\n<p><a href=\"https:\/\/infograficos.camara.leg.br\/o-brasil-se-prepara-parao-mercado-de-carbono\/\">Saiba mais sobre o mercado de carbono<\/a><\/p>\n<p>As outorgas ser\u00e3o concedidas por autoriza\u00e7\u00e3o com chamamento p\u00fablico ou por meio de concess\u00e3o com <span class=\"termoGlossario\">licita\u00e7\u00e3o<\/span> quando houver oferta p\u00fablica.<\/p>\n<p>A \u00e1rea mar\u00edtima envolvida \u00e9 o mar territorial (22 km da costa), a plataforma continental (em m\u00e9dia 70 a 80 km), e a Zona Econ\u00f4mica Exclusiva (ZEE), situada at\u00e9 370 km da costa.<\/p>\n<p><strong>Produ\u00e7\u00e3o de hidrog\u00eanio<br \/>\n<\/strong>Para incentivar a produ\u00e7\u00e3o de hidrog\u00eanio considerado de baixa emiss\u00e3o de carbono, a C\u00e2mara dos Deputados aprovou o <a href=\"https:\/\/www.camara.leg.br\/noticias\/1020557-CAMARA-APROVA-CERTIFICACAO-E-INCENTIVOS-PARA-HIDROGENIO-COM-BAIXA-EMISSAO-DE-CARBONO\">Projeto de Lei 2308\/23<\/a>. O texto, de autoria dos deputados Gilson Marques (Novo-SC) e Adriana Ventura (Novo-SP), foi relatado pelo deputado Bacelar (PV-BA) e aguarda vota\u00e7\u00e3o no Senado.<\/p>\n<p>De acordo com a proposta, haver\u00e1 uma certifica\u00e7\u00e3o volunt\u00e1ria e incentivos federais tribut\u00e1rios.<\/p>\n<p>O texto considera hidrog\u00eanio de baixa emiss\u00e3o de carbono aquele que, no ciclo de vida do processo produtivo, implique em valor inicial menor ou igual a 4 quilogramas de di\u00f3xido de carbono equivalente por quilograma de hidrog\u00eanio produzido (4 kgCO2eq\/kgH2).<\/p>\n<p>Esse n\u00famero representa a intensidade de emiss\u00e3o de gases do efeito estufa, mas dever\u00e1 ser adotado at\u00e9 31 de dezembro de 2030, devendo ser regressivo a partir dessa data.<\/p>\n<p>Com tecnologias atuais de captura e uso ou estoque do carbono (CCUS, na sigla em ingl\u00eas), at\u00e9 mesmo o uso do carv\u00e3o chega a 2KgCO2eq\/KgH2 se a efici\u00eancia de captura for de 90%. Com o g\u00e1s natural, a CCUS garante uma emiss\u00e3o cinco vezes menor, de 0,4 kgCO2\/kgH2.<\/p>\n<p><strong>Hidrog\u00eanio renov\u00e1vel<br \/>\n<\/strong>O texto tamb\u00e9m conceitua o hidrog\u00eanio renov\u00e1vel como sendo aquele obtido com o uso de fontes renov\u00e1veis, incluindo solar, e\u00f3lica, hidr\u00e1ulica, biomassa, biog\u00e1s, biometano, gases de aterro, geot\u00e9rmica, das mar\u00e9s e oce\u00e2nica.<\/p>\n<p>Ao longo do tempo, os incentivos tratados no projeto dever\u00e3o ser gradativamente destinados ao hidrog\u00eanio renov\u00e1vel.<\/p>\n<p>O PL 2308\/23 estende \u00e0s empresas produtoras de hidrog\u00eanio de baixo carbono incentivos tribut\u00e1rios previstos na <a class=\"linkLegislacao\" href=\"https:\/\/www2.camara.gov.br\/legin\/fed\/lei\/2007\/lei-11488-15-junho-2007-555352-norma-pl.html\">Lei 11.488\/07<\/a>, concedendo suspens\u00e3o de <span class=\"termoGlossario\">PIS<\/span>, <span class=\"termoGlossario\">Cofins<\/span>, PIS-Importa\u00e7\u00e3o e Cofins-Importa\u00e7\u00e3o na compra ou importa\u00e7\u00e3o de m\u00e1quinas e equipamentos novos e de materiais de constru\u00e7\u00e3o destinados aos projetos de hidrog\u00eanio.<\/p>","protected":false},"excerpt":{"rendered":"<p>Zeca Ribeiro\/C\u00e2mara dos Deputados Z\u00e9 Vitor apresentou o substitutivo que foi encaminhado ao Senado Em 2023, o Plen\u00e1rio da C\u00e2mara dos Deputados aprovou 137 projetos de lei, 22 medidas provis\u00f3rias, 25 projetos de decreto legislativo, 8 projetos de resolu\u00e7\u00e3o, 8 projetos de lei complementar e 3 propostas de emenda \u00e0 Constitui\u00e7\u00e3o (PECs). A Ag\u00eancia C\u00e2mara [&hellip;]<\/p>\n","protected":false},"author":0,"featured_media":0,"comment_status":"open","ping_status":"open","sticky":false,"template":"","format":"standard","meta":{"footnotes":""},"categories":[1],"tags":[],"_links":{"self":[{"href":"https:\/\/jeffersonisac.adv.br\/index.php\/wp-json\/wp\/v2\/posts\/4244"}],"collection":[{"href":"https:\/\/jeffersonisac.adv.br\/index.php\/wp-json\/wp\/v2\/posts"}],"about":[{"href":"https:\/\/jeffersonisac.adv.br\/index.php\/wp-json\/wp\/v2\/types\/post"}],"replies":[{"embeddable":true,"href":"https:\/\/jeffersonisac.adv.br\/index.php\/wp-json\/wp\/v2\/comments?post=4244"}],"version-history":[{"count":0,"href":"https:\/\/jeffersonisac.adv.br\/index.php\/wp-json\/wp\/v2\/posts\/4244\/revisions"}],"wp:attachment":[{"href":"https:\/\/jeffersonisac.adv.br\/index.php\/wp-json\/wp\/v2\/media?parent=4244"}],"wp:term":[{"taxonomy":"category","embeddable":true,"href":"https:\/\/jeffersonisac.adv.br\/index.php\/wp-json\/wp\/v2\/categories?post=4244"},{"taxonomy":"post_tag","embeddable":true,"href":"https:\/\/jeffersonisac.adv.br\/index.php\/wp-json\/wp\/v2\/tags?post=4244"}],"curies":[{"name":"wp","href":"https:\/\/api.w.org\/{rel}","templated":true}]}}