{"id":4252,"date":"2023-12-28T19:31:26","date_gmt":"2023-12-28T22:31:26","guid":{"rendered":"https:\/\/jeffersonisac.adv.br\/index.php\/2023\/12\/28\/camara-aprovou-projeto-que-obriga-prefeituras-a-frear-construcoes-irregulares-em-areas-de-risco\/"},"modified":"2023-12-28T19:31:26","modified_gmt":"2023-12-28T22:31:26","slug":"camara-aprovou-projeto-que-obriga-prefeituras-a-frear-construcoes-irregulares-em-areas-de-risco","status":"publish","type":"post","link":"https:\/\/jeffersonisac.adv.br\/index.php\/2023\/12\/28\/camara-aprovou-projeto-que-obriga-prefeituras-a-frear-construcoes-irregulares-em-areas-de-risco\/","title":{"rendered":"C\u00e2mara aprovou projeto que obriga prefeituras a frear constru\u00e7\u00f5es irregulares em \u00e1reas de risco"},"content":{"rendered":"<p>Em 2023, o Plen\u00e1rio da C\u00e2mara dos Deputados aprovou 137 projetos de lei, 22 medidas provis\u00f3rias, 25 projetos de decreto legislativo, 8 projetos de resolu\u00e7\u00e3o, 8 projetos de lei complementar e 3 propostas de emenda \u00e0 Constitui\u00e7\u00e3o (PECs).<\/p>\n<p>A <em>Ag\u00eancia C\u00e2mara<\/em> est\u00e1 publicando um balan\u00e7o dessas vota\u00e7\u00f5es dividas por tema.<\/p>\n<p>Na \u00e1rea de defesa civil, um dos destaques foi a <a href=\"https:\/\/www.camara.leg.br\/noticias\/947750-CAMARA-APROVA-NOVAS-OBRIGACOES-PARA-AS-PREFEITURAS-EM-PLANO-CONTRA-SITUACOES-DE-RISCO\">aprova\u00e7\u00e3o do Projeto de Lei 636\/23<\/a>, do deputado Andr\u00e9 Figueiredo (PDT-CE), que obriga os munic\u00edpios a elaborar, a cada ano, um Plano de Conting\u00eancia de Prote\u00e7\u00e3o e Defesa Civil. O objetivo \u00e9 conter constru\u00e7\u00f5es irregulares em \u00e1reas de risco, com defini\u00e7\u00e3o de alternativas habitacionais seguras.<\/p>\n<div class=\"image-container\">\n<div class=\"midia-creditos\"><em>Zeca Ribeiro\/C\u00e2mara dos Deputados<\/em><\/div>\n<div class=\"media-wrapper\"><\/div>\n<div class=\"midia-legenda\">Andr\u00e9 Figueiredo \u00e9 o autor do texto que aguarda vota\u00e7\u00e3o no Senado<\/div>\n<\/div>\n<p>O texto altera a <a class=\"linkLegislacao\" href=\"https:\/\/www2.camara.gov.br\/legin\/fed\/lei\/2010\/lei-12340-1-dezembro-2010-609599-norma-pl.html\">Lei 12.340\/10<\/a>, que trata dos repasses da Uni\u00e3o aos entes federativos para preven\u00e7\u00e3o e mitiga\u00e7\u00e3o de desastres. A proposta ainda ser\u00e1 analisada pelo Senado Federal.<\/p>\n<p>Relatado pelo deputado Josenildo (PDT-AP), o projeto tamb\u00e9m exige a inclus\u00e3o, nos planos municipais, dos investimentos necess\u00e1rios em infraestrutura h\u00eddrica, combate a enchentes e preven\u00e7\u00e3o de desastres.<\/p>\n<p>Na presta\u00e7\u00e3o de contas anual, j\u00e1 prevista na legisla\u00e7\u00e3o vigente, dever\u00e1 ser inclu\u00eddo relat\u00f3rio que obrigatoriamente apresente:<br \/>\n&#8211; os exerc\u00edcios simulados realizados com a participa\u00e7\u00e3o da popula\u00e7\u00e3o, que incluam passagem pelas rotas de deslocamento e chegada aos pontos seguros;<br \/>\n&#8211; a efetividade dos sistemas de alerta a desastres, comprovada em testes peri\u00f3dicos;<br \/>\n&#8211; a situa\u00e7\u00e3o dos pontos de abrigo;<br \/>\n&#8211; o treinamento peri\u00f3dico das equipes t\u00e9cnicas e de volunt\u00e1rios para atua\u00e7\u00e3o em circunst\u00e2ncias de desastres;<br \/>\n&#8211; a evolu\u00e7\u00e3o do n\u00famero de constru\u00e7\u00f5es irregulares em \u00e1reas de risco e as medidas tomadas para conten\u00e7\u00e3o desse avan\u00e7o, inclusive com disponibiliza\u00e7\u00e3o de alternativas habitacionais seguras; e<br \/>\n&#8211; os investimentos realizados em infraestrutura h\u00eddrica, combate a enchentes e preven\u00e7\u00e3o de desastres.<\/p>\n<p><strong>Retorno de desalojados<br \/>\n<\/strong>A C\u00e2mara dos Deputados tamb\u00e9m aprovou neste ano projeto de lei que garante o retorno das pessoas aos locais de onde foram removidas por causa de desastres ou de risco iminente. A proposta est\u00e1 em an\u00e1lise no Senado.<\/p>\n<p>De autoria do deputado Alfredo Gaspar (Uni\u00e3o-AL) e outros, <a href=\"https:\/\/www.camara.leg.br\/noticias\/967963-CAMARA-APROVA-PROJETO-QUE-PREVE-OBRIGACOES-A-EMPRESAS-QUE-CAUSAREM-DESASTRES\">o Projeto de Lei 2257\/23 foi aprovado<\/a> na forma de um <span class=\"termoGlossario\">substitutivo<\/span> do deputado Paulinho Freire (Uni\u00e3o-RN).<\/p>\n<p>O texto atribui \u00e0 empresa respons\u00e1vel pelo desastre ou acidente a obriga\u00e7\u00e3o de pagar pela assist\u00eancia t\u00e9cnica e jur\u00eddica prestada \u00e0s pessoas desalojadas ou desabrigadas e escolhida por elas.<\/p>\n<div class=\"image-container\">\n<div class=\"midia-creditos\"><em>Zeca Ribeiro\/C\u00e2mara dos Deputados<\/em><\/div>\n<div class=\"media-wrapper\"><\/div>\n<div class=\"midia-legenda\">Substitutivo de Paulinho Freire foi enviado para an\u00e1lise do Senado<\/div>\n<\/div>\n<p>Segundo o projeto, desalojado \u00e9 aquele que n\u00e3o necessita de abrigo e foi obrigado a abandonar tempor\u00e1ria ou definitivamente sua habita\u00e7\u00e3o na \u00e1rea de risco ou desastre em fun\u00e7\u00e3o de evacua\u00e7\u00f5es preventivas, destrui\u00e7\u00e3o ou avaria grave provocadas por acidente ou desastre.<\/p>\n<p>J\u00e1 o desabrigado \u00e9 a pessoa que passou pela mesma circunst\u00e2ncia e precisa de abrigo providenciado pelo Sistema Nacional de Prote\u00e7\u00e3o e Defesa Civil (Sinpdec) ou pela empresa respons\u00e1vel pelo acidente ou desastre.<\/p>\n<p>Essas pessoas ter\u00e3o direito ainda a tratamento e acompanhamento de sa\u00fade f\u00edsica e mental pagos pela empresa respons\u00e1vel, caso os problemas de sa\u00fade estejam relacionados ao deslocamento for\u00e7ado.<\/p>\n<p>As pessoas retiradas dos locais afetados ter\u00e3o o direito de retornar \u00e0s suas resid\u00eancias ou aos seus locais de trabalho independentemente da repara\u00e7\u00e3o civil. Mas isso dever\u00e1 ocorrer apenas depois de estudos t\u00e9cnicos dos \u00f3rg\u00e3os competentes atestarem a seguran\u00e7a do local com base em diretrizes do Conselho Nacional de Prote\u00e7\u00e3o e Defesa Civil (Conpdec).<\/p>\n<p><strong>Fundo para desastres<br \/>\n<\/strong>O Fundo Nacional para Calamidades P\u00fablicas, Prote\u00e7\u00e3o e Defesa Civil (Funcap) passou a contar com recursos de multas ambientais ap\u00f3s a entrada em vigor da <a class=\"linkLegislacao\" href=\"https:\/\/www2.camara.gov.br\/legin\/fed\/lei\/2023\/lei-14691-3-outubro-2023-794768-norma-pl.html\">Lei 14.691\/23<\/a>.<\/p>\n<div class=\"image-container\">\n<div class=\"midia-creditos\"><em>Vinicius Loures \/ C\u00e2mara dos Deputados<\/em><\/div>\n<div class=\"media-wrapper\"><\/div>\n<div class=\"midia-legenda\">Texto modificado por Dr. Victor Linhalis virou lei<\/div>\n<\/div>\n<p>Oriunda do <a href=\"https:\/\/www.camara.leg.br\/noticias\/971021-CAMARA-APROVA-PROJETO-QUE-AMPLIA-RECURSOS-PARA-FUNDO-DE-SOCORRO-A-CALAMIDADES-PUBLICAS\">Projeto de Lei 920\/23<\/a>, de autoria do deputado Gilson Daniel (Podemos-ES), a lei prev\u00ea que o Funcap contar\u00e1 ainda com aux\u00edlios de pessoas naturais ou jur\u00eddicas, p\u00fablicas ou privadas, nacionais ou estrangeiras.<\/p>\n<p>Aprovado na forma do substitutivo do deputado Dr. Victor Linhalis (Podemos-ES), o texto estabelece que os valores dever\u00e3o ir para fundos estaduais e municipais constitu\u00eddos para executar a\u00e7\u00f5es de preven\u00e7\u00e3o em \u00e1reas de risco de desastre e recupera\u00e7\u00e3o de \u00e1reas atingidas, como no munic\u00edpio de Mariana (MG).<\/p>\n<p><a href=\"https:\/\/www.camara.leg.br\/noticias\/573454-SAIBA-MAIS-SOBRE-A-TRAMITACAO-DE-PROJETOS-DE-LEI\">Saiba mais sobre a tramita\u00e7\u00e3o de projetos de lei<\/a><\/p>","protected":false},"excerpt":{"rendered":"<p>Em 2023, o Plen\u00e1rio da C\u00e2mara dos Deputados aprovou 137 projetos de lei, 22 medidas provis\u00f3rias, 25 projetos de decreto legislativo, 8 projetos de resolu\u00e7\u00e3o, 8 projetos de lei complementar e 3 propostas de emenda \u00e0 Constitui\u00e7\u00e3o (PECs). A Ag\u00eancia C\u00e2mara est\u00e1 publicando um balan\u00e7o dessas vota\u00e7\u00f5es dividas por tema. Na \u00e1rea de defesa civil, [&hellip;]<\/p>\n","protected":false},"author":0,"featured_media":0,"comment_status":"open","ping_status":"open","sticky":false,"template":"","format":"standard","meta":{"footnotes":""},"categories":[1],"tags":[],"_links":{"self":[{"href":"https:\/\/jeffersonisac.adv.br\/index.php\/wp-json\/wp\/v2\/posts\/4252"}],"collection":[{"href":"https:\/\/jeffersonisac.adv.br\/index.php\/wp-json\/wp\/v2\/posts"}],"about":[{"href":"https:\/\/jeffersonisac.adv.br\/index.php\/wp-json\/wp\/v2\/types\/post"}],"replies":[{"embeddable":true,"href":"https:\/\/jeffersonisac.adv.br\/index.php\/wp-json\/wp\/v2\/comments?post=4252"}],"version-history":[{"count":0,"href":"https:\/\/jeffersonisac.adv.br\/index.php\/wp-json\/wp\/v2\/posts\/4252\/revisions"}],"wp:attachment":[{"href":"https:\/\/jeffersonisac.adv.br\/index.php\/wp-json\/wp\/v2\/media?parent=4252"}],"wp:term":[{"taxonomy":"category","embeddable":true,"href":"https:\/\/jeffersonisac.adv.br\/index.php\/wp-json\/wp\/v2\/categories?post=4252"},{"taxonomy":"post_tag","embeddable":true,"href":"https:\/\/jeffersonisac.adv.br\/index.php\/wp-json\/wp\/v2\/tags?post=4252"}],"curies":[{"name":"wp","href":"https:\/\/api.w.org\/{rel}","templated":true}]}}