{"id":4268,"date":"2024-01-03T10:54:21","date_gmt":"2024-01-03T13:54:21","guid":{"rendered":"https:\/\/jeffersonisac.adv.br\/index.php\/2024\/01\/03\/comissao-aprova-selo-para-identificar-cafes-produzidos-por-metodo-artesanal\/"},"modified":"2024-01-03T10:54:21","modified_gmt":"2024-01-03T13:54:21","slug":"comissao-aprova-selo-para-identificar-cafes-produzidos-por-metodo-artesanal","status":"publish","type":"post","link":"https:\/\/jeffersonisac.adv.br\/index.php\/2024\/01\/03\/comissao-aprova-selo-para-identificar-cafes-produzidos-por-metodo-artesanal\/","title":{"rendered":"Comiss\u00e3o aprova selo para identificar caf\u00e9s produzidos por m\u00e9todo artesanal"},"content":{"rendered":"<div class=\"image-container\">\n<div class=\"midia-creditos\"><em>Zeca Ribeiro \/ C\u00e2mara dos Deputados<\/em><\/div>\n<div class=\"media-wrapper\"><\/div>\n<div class=\"midia-legenda\">A relatora da proposta, deputada Ana Paula Le\u00e3o<\/div>\n<\/div>\n<p>A Comiss\u00e3o de Agricultura, Pecu\u00e1ria, Abastecimento e Desenvolvimento Rural da C\u00e2mara dos Deputados aprovou projeto de lei que cria o selo Arte Caf\u00e9 para identificar o modo artesanal de produ\u00e7\u00e3o e processamento dos gr\u00e3os.<\/p>\n<p>Segundo o texto, caber\u00e1 aos munic\u00edpios estabelecer em regulamento os procedimentos para o registro dos produtores e as exig\u00eancias para a concess\u00e3o do selo, al\u00e9m da responsabilidade pela classifica\u00e7\u00e3o e fiscaliza\u00e7\u00e3o do produto. N\u00e3o havendo regulamento municipal espec\u00edfico, ser\u00e1 observada a norma estadual.<\/p>\n<p>O texto aprovado foi o <span class=\"termoGlossario\">substitutivo<\/span> da relatora, deputada Ana Paula Le\u00e3o (PP-MG), ao <a class=\"linkProposicao\" href=\"https:\/\/www.camara.leg.br\/noticias\/976168-projeto-cria-o-selo-arte-cafe-para-cafes-produzidos-de-maneira-artesanal\">Projeto de Lei 1454\/23<\/a>, do deputado Evair Vieira de Melo (PP-ES).<\/p>\n<p>\u201cO projeto de lei promove e protege a produ\u00e7\u00e3o artesanal de caf\u00e9 no Brasil, em favor da preserva\u00e7\u00e3o hist\u00f3rico-cultural, do desenvolvimento econ\u00f4mico regional e da valoriza\u00e7\u00e3o dos produtos locais\u201d, disse a relatora.<\/p>\n<p><strong>Objetivos<\/strong><br \/>\nO selo, de acordo com o texto, tem como objetivos:<\/p>\n<p>estimular o beneficiamento, o processamento e a oferta de caf\u00e9s artesanais pelo produtor rural;<br \/>\nvalorizar a identidade da produ\u00e7\u00e3o com uso de t\u00e9cnicas tradicionais e regionais;<br \/>\nagregar valor ao produto;<br \/>\naumentar a gera\u00e7\u00e3o de renda na atividade;<br \/>\npromover o desenvolvimento do mercado de caf\u00e9s artesanais.<\/p>\n<p>O autor do projeto argumenta que o sistema produtivo do caf\u00e9 artesanal exige do produtor rural meticulosa e incessante busca por qualidade em todas as etapas de produ\u00e7\u00e3o \u2013 do plantio \u00e0 colheita, \u00e0 torra e \u00e0 moagem \u2013 e criteriosa sele\u00e7\u00e3o dos gr\u00e3os para a obten\u00e7\u00e3o de bebida.<\/p>\n<p><strong>Tramita\u00e7\u00e3o<\/strong><br \/>\nO projeto tramita em <span class=\"termoGlossario\">car\u00e1ter conclusivo<\/span> e ser\u00e1 ainda analisado pela Comiss\u00e3o de Constitui\u00e7\u00e3o e Justi\u00e7a e de Cidadania (CCJ).<\/p>\n<p><a href=\"https:\/\/www.camara.leg.br\/noticias\/573454-SAIBA-MAIS-SOBRE-A-TRAMITACAO-DE-PROJETOS-DE-LEI\">Saiba mais sobre a tramita\u00e7\u00e3o de projetos de lei<\/a><\/p>","protected":false},"excerpt":{"rendered":"<p>Zeca Ribeiro \/ C\u00e2mara dos Deputados A relatora da proposta, deputada Ana Paula Le\u00e3o A Comiss\u00e3o de Agricultura, Pecu\u00e1ria, Abastecimento e Desenvolvimento Rural da C\u00e2mara dos Deputados aprovou projeto de lei que cria o selo Arte Caf\u00e9 para identificar o modo artesanal de produ\u00e7\u00e3o e processamento dos gr\u00e3os. Segundo o texto, caber\u00e1 aos munic\u00edpios estabelecer [&hellip;]<\/p>\n","protected":false},"author":0,"featured_media":0,"comment_status":"open","ping_status":"open","sticky":false,"template":"","format":"standard","meta":{"footnotes":""},"categories":[1],"tags":[],"_links":{"self":[{"href":"https:\/\/jeffersonisac.adv.br\/index.php\/wp-json\/wp\/v2\/posts\/4268"}],"collection":[{"href":"https:\/\/jeffersonisac.adv.br\/index.php\/wp-json\/wp\/v2\/posts"}],"about":[{"href":"https:\/\/jeffersonisac.adv.br\/index.php\/wp-json\/wp\/v2\/types\/post"}],"replies":[{"embeddable":true,"href":"https:\/\/jeffersonisac.adv.br\/index.php\/wp-json\/wp\/v2\/comments?post=4268"}],"version-history":[{"count":0,"href":"https:\/\/jeffersonisac.adv.br\/index.php\/wp-json\/wp\/v2\/posts\/4268\/revisions"}],"wp:attachment":[{"href":"https:\/\/jeffersonisac.adv.br\/index.php\/wp-json\/wp\/v2\/media?parent=4268"}],"wp:term":[{"taxonomy":"category","embeddable":true,"href":"https:\/\/jeffersonisac.adv.br\/index.php\/wp-json\/wp\/v2\/categories?post=4268"},{"taxonomy":"post_tag","embeddable":true,"href":"https:\/\/jeffersonisac.adv.br\/index.php\/wp-json\/wp\/v2\/tags?post=4268"}],"curies":[{"name":"wp","href":"https:\/\/api.w.org\/{rel}","templated":true}]}}