{"id":4276,"date":"2024-01-04T09:56:29","date_gmt":"2024-01-04T12:56:29","guid":{"rendered":"https:\/\/jeffersonisac.adv.br\/index.php\/2024\/01\/04\/comissao-aprova-projeto-que-fixa-prazo-de-180-dias-para-a-reversao-de-ostomia-no-sus\/"},"modified":"2024-01-04T09:56:29","modified_gmt":"2024-01-04T12:56:29","slug":"comissao-aprova-projeto-que-fixa-prazo-de-180-dias-para-a-reversao-de-ostomia-no-sus","status":"publish","type":"post","link":"https:\/\/jeffersonisac.adv.br\/index.php\/2024\/01\/04\/comissao-aprova-projeto-que-fixa-prazo-de-180-dias-para-a-reversao-de-ostomia-no-sus\/","title":{"rendered":"Comiss\u00e3o aprova projeto que fixa prazo de 180 dias para a revers\u00e3o de ostomia no SUS"},"content":{"rendered":"<div class=\"image-container\">\n<div class=\"midia-creditos\"><em>Bruno Spada\/C\u00e2mara dos Deputados<\/em><\/div>\n<div class=\"media-wrapper\"><\/div>\n<div class=\"midia-legenda\">Deputado Dr. Zacharias Calil, relator da proposta<\/div>\n<\/div>\n<p>A Comiss\u00e3o de Sa\u00fade da C\u00e2mara dos Deputados aprovou projeto de lei que fixa o prazo m\u00e1ximo de 180 dias, ap\u00f3s o encaminhamento m\u00e9dico, para a realiza\u00e7\u00e3o de cirurgia de revers\u00e3o da ostomia no Sistema \u00danico de Sa\u00fade (SUS).<\/p>\n<p>Pessoas ostomizadas foram submetidas \u00e0 cirurgia para abertura de um orif\u00edcio interligando um \u00f3rg\u00e3o interno ao meio externo. O orif\u00edcio pode ser usado, dependendo do caso, para alimenta\u00e7\u00e3o, respira\u00e7\u00e3o ou elimina\u00e7\u00e3o de fezes e urina do paciente.<\/p>\n<p>Por recomenda\u00e7\u00e3o do relator, deputado Dr. Zacharias Calil (Uni\u00e3o-GO), foi aprovado o <span class=\"termoGlossario\">substitutivo<\/span> da Comiss\u00e3o de Defesa dos Direitos das Pessoas com Defici\u00eancia ao <a class=\"linkProposicao\" href=\"https:\/\/www.camara.leg.br\/noticias\/878545-projeto-fixa-prazo-para-realizacao-de-cirurgia-de-reversao-de-ostomia-no-sus\">Projeto de Lei 1144\/22<\/a>, da ex-deputada Paula Belmonte (DF). A nova reda\u00e7\u00e3o estabelece o gestor local como respons\u00e1vel pelo monitoramento do prazo de 180 dias.<\/p>\n<p>\u201cOstomias est\u00e3o sujeitas a diversas complica\u00e7\u00f5es, como dermatite periostomal, necrose isqu\u00eamica, infec\u00e7\u00f5es, retra\u00e7\u00f5es, prolapso, dentre outras, o que recomenda a sua revers\u00e3o t\u00e3o logo poss\u00edvel\u201d, observa Calil, que \u00e9 m\u00e9dico.<\/p>\n<p>Segundo a proposta, caso a cirurgia n\u00e3o seja realizada nesse prazo, o poder p\u00fablico dever\u00e1 providenciar sua imediata realiza\u00e7\u00e3o por meio da rede privada de sa\u00fade. A n\u00e3o observ\u00e2ncia dessas medidas implicar\u00e1 abertura de processo administrativo pelo \u00f3rg\u00e3o competente para apura\u00e7\u00e3o da responsabilidade.<\/p>\n<p><strong>Tramita\u00e7\u00e3o<\/strong><br \/>\nO projeto ser\u00e1 ainda analisado, em <span class=\"termoGlossario\">car\u00e1ter conclusivo<\/span>, pela Comiss\u00e3o de Constitui\u00e7\u00e3o e Justi\u00e7a e de Cidadania (CCJ).<\/p>\n<p><a href=\"https:\/\/www.camara.leg.br\/noticias\/573454-SAIBA-MAIS-SOBRE-A-TRAMITACAO-DE-PROJETOS-DE-LEI\">Saiba mais sobre a tramita\u00e7\u00e3o de projetos de lei<\/a><\/p>","protected":false},"excerpt":{"rendered":"<p>Bruno Spada\/C\u00e2mara dos Deputados Deputado Dr. Zacharias Calil, relator da proposta A Comiss\u00e3o de Sa\u00fade da C\u00e2mara dos Deputados aprovou projeto de lei que fixa o prazo m\u00e1ximo de 180 dias, ap\u00f3s o encaminhamento m\u00e9dico, para a realiza\u00e7\u00e3o de cirurgia de revers\u00e3o da ostomia no Sistema \u00danico de Sa\u00fade (SUS). Pessoas ostomizadas foram submetidas \u00e0 [&hellip;]<\/p>\n","protected":false},"author":0,"featured_media":0,"comment_status":"open","ping_status":"open","sticky":false,"template":"","format":"standard","meta":{"footnotes":""},"categories":[1],"tags":[],"_links":{"self":[{"href":"https:\/\/jeffersonisac.adv.br\/index.php\/wp-json\/wp\/v2\/posts\/4276"}],"collection":[{"href":"https:\/\/jeffersonisac.adv.br\/index.php\/wp-json\/wp\/v2\/posts"}],"about":[{"href":"https:\/\/jeffersonisac.adv.br\/index.php\/wp-json\/wp\/v2\/types\/post"}],"replies":[{"embeddable":true,"href":"https:\/\/jeffersonisac.adv.br\/index.php\/wp-json\/wp\/v2\/comments?post=4276"}],"version-history":[{"count":0,"href":"https:\/\/jeffersonisac.adv.br\/index.php\/wp-json\/wp\/v2\/posts\/4276\/revisions"}],"wp:attachment":[{"href":"https:\/\/jeffersonisac.adv.br\/index.php\/wp-json\/wp\/v2\/media?parent=4276"}],"wp:term":[{"taxonomy":"category","embeddable":true,"href":"https:\/\/jeffersonisac.adv.br\/index.php\/wp-json\/wp\/v2\/categories?post=4276"},{"taxonomy":"post_tag","embeddable":true,"href":"https:\/\/jeffersonisac.adv.br\/index.php\/wp-json\/wp\/v2\/tags?post=4276"}],"curies":[{"name":"wp","href":"https:\/\/api.w.org\/{rel}","templated":true}]}}