{"id":4288,"date":"2024-01-05T12:40:11","date_gmt":"2024-01-05T15:40:11","guid":{"rendered":"https:\/\/jeffersonisac.adv.br\/index.php\/2024\/01\/05\/comissao-aprova-inclusao-de-representante-da-sociedade-civil-e-da-associacao-medica-em-comissao-de-tecnologias-do-sus\/"},"modified":"2024-01-05T12:40:11","modified_gmt":"2024-01-05T15:40:11","slug":"comissao-aprova-inclusao-de-representante-da-sociedade-civil-e-da-associacao-medica-em-comissao-de-tecnologias-do-sus","status":"publish","type":"post","link":"https:\/\/jeffersonisac.adv.br\/index.php\/2024\/01\/05\/comissao-aprova-inclusao-de-representante-da-sociedade-civil-e-da-associacao-medica-em-comissao-de-tecnologias-do-sus\/","title":{"rendered":"Comiss\u00e3o aprova inclus\u00e3o de representante da sociedade civil e da associa\u00e7\u00e3o m\u00e9dica em comiss\u00e3o de tecnologias do SUS"},"content":{"rendered":"<div class=\"image-container\">\n<div class=\"midia-creditos\"><em>Mario Agra\/C\u00e2mara dos Deputados<\/em><\/div>\n<div class=\"media-wrapper\"><\/div>\n<div class=\"midia-legenda\">O relator da proposta, deputado Dr. Fernando M\u00e1ximo<\/div>\n<\/div>\n<p>A Comiss\u00e3o de Sa\u00fade da C\u00e2mara dos Deputados aprovou projeto de lei que altera a composi\u00e7\u00e3o da Comiss\u00e3o Nacional de Incorpora\u00e7\u00e3o de Tecnologias no Sistema \u00danico de Sa\u00fade (Conitec) para incluir um especialista indicado pela Associa\u00e7\u00e3o M\u00e9dica Brasileira e um representante de organiza\u00e7\u00e3o da sociedade civil de car\u00e1ter nacional, constitu\u00edda h\u00e1 mais de dois anos.<\/p>\n<p>A Conitec tem por objetivo assessorar o Minist\u00e9rio da Sa\u00fade nas atribui\u00e7\u00f5es relativas \u00e0 incorpora\u00e7\u00e3o, exclus\u00e3o ou altera\u00e7\u00e3o de tecnologias em sa\u00fade pelo SUS, bem como na constitui\u00e7\u00e3o ou altera\u00e7\u00e3o de protocolo cl\u00ednico ou de diretriz terap\u00eautica.<\/p>\n<p>O texto altera a <a class=\"linkLegislacao\" href=\"https:\/\/www2.camara.gov.br\/legin\/fed\/lei\/2011\/lei-12401-28-abril-2011-610586-norma-pl.html\">Lei 12.401\/11<\/a>, que hoje assegura a participa\u00e7\u00e3o na composi\u00e7\u00e3o da Conitec de um representante indicado pelo Conselho Nacional de Sa\u00fade e de um representante, especialista na \u00e1rea, indicado pelo Conselho Federal de Medicina.<\/p>\n<p>Foi aprovado o <span class=\"termoGlossario\">substitutivo<\/span> do relator, deputado Dr. Fernando M\u00e1ximo (Uni\u00e3o-RO) ao <a class=\"linkProposicao\" href=\"https:\/\/www.camara.leg.br\/noticias\/968949-projeto-altera-composicao-da-comissao-nacional-de-incorporacao-de-tecnologias-no-sus\">Projeto de Lei 1241\/23<\/a>, deputada Ros\u00e2ngela Moro (Uni\u00e3o-SP). \u201cSugerimos que o assento destinado ao representante da sociedade civil seja de ocupa\u00e7\u00e3o rotativa, a fim de permitir que a entidade participante tenha rela\u00e7\u00e3o com a tecnologia analisada\u201d, observou o relator.<\/p>\n<p>Acolhendo sugest\u00e3o da deputada Adriana Ventura (Novo-SP), que chamou aten\u00e7\u00e3o para o car\u00e1ter t\u00e9cnico-cient\u00edfico da Conitec, o relator optou por excluir o trecho do projeto que obrigava o \u00f3rg\u00e3o a publicar um protocolo de utiliza\u00e7\u00e3o para medicamentos aprovados pela Ag\u00eancia Nacional de Vigil\u00e2ncia Sanit\u00e1ria (Anvisa) e n\u00e3o incorporados ao SUS por raz\u00f5es exclusivamente or\u00e7ament\u00e1rias.<\/p>\n<p>Tamb\u00e9m foi exclu\u00edda a parte que criava na Conitec uma subcomiss\u00e3o sobre &#8220;doen\u00e7as raras&#8221;, com a participa\u00e7\u00e3o de um representante geneticista indicado pela Associa\u00e7\u00e3o M\u00e9dica Brasileira.<\/p>\n<p><strong>Tramita\u00e7\u00e3o<\/strong><br \/>\nA proposta ser\u00e1 analisada agora, em <span class=\"termoGlossario\">car\u00e1ter conclusivo<\/span>, pela Comiss\u00e3o de Constitui\u00e7\u00e3o e Justi\u00e7a e de Cidadania (CCJ).<\/p>\n<p><a href=\"https:\/\/www.camara.leg.br\/noticias\/573454-SAIBA-MAIS-SOBRE-A-TRAMITACAO-DE-PROJETOS-DE-LEI\">Saiba mais sobre a tramita\u00e7\u00e3o de projetos de lei<\/a><\/p>","protected":false},"excerpt":{"rendered":"<p>Mario Agra\/C\u00e2mara dos Deputados O relator da proposta, deputado Dr. Fernando M\u00e1ximo A Comiss\u00e3o de Sa\u00fade da C\u00e2mara dos Deputados aprovou projeto de lei que altera a composi\u00e7\u00e3o da Comiss\u00e3o Nacional de Incorpora\u00e7\u00e3o de Tecnologias no Sistema \u00danico de Sa\u00fade (Conitec) para incluir um especialista indicado pela Associa\u00e7\u00e3o M\u00e9dica Brasileira e um representante de organiza\u00e7\u00e3o [&hellip;]<\/p>\n","protected":false},"author":0,"featured_media":0,"comment_status":"open","ping_status":"open","sticky":false,"template":"","format":"standard","meta":{"footnotes":""},"categories":[1],"tags":[],"_links":{"self":[{"href":"https:\/\/jeffersonisac.adv.br\/index.php\/wp-json\/wp\/v2\/posts\/4288"}],"collection":[{"href":"https:\/\/jeffersonisac.adv.br\/index.php\/wp-json\/wp\/v2\/posts"}],"about":[{"href":"https:\/\/jeffersonisac.adv.br\/index.php\/wp-json\/wp\/v2\/types\/post"}],"replies":[{"embeddable":true,"href":"https:\/\/jeffersonisac.adv.br\/index.php\/wp-json\/wp\/v2\/comments?post=4288"}],"version-history":[{"count":0,"href":"https:\/\/jeffersonisac.adv.br\/index.php\/wp-json\/wp\/v2\/posts\/4288\/revisions"}],"wp:attachment":[{"href":"https:\/\/jeffersonisac.adv.br\/index.php\/wp-json\/wp\/v2\/media?parent=4288"}],"wp:term":[{"taxonomy":"category","embeddable":true,"href":"https:\/\/jeffersonisac.adv.br\/index.php\/wp-json\/wp\/v2\/categories?post=4288"},{"taxonomy":"post_tag","embeddable":true,"href":"https:\/\/jeffersonisac.adv.br\/index.php\/wp-json\/wp\/v2\/tags?post=4288"}],"curies":[{"name":"wp","href":"https:\/\/api.w.org\/{rel}","templated":true}]}}