{"id":4302,"date":"2024-01-08T13:59:10","date_gmt":"2024-01-08T16:59:10","guid":{"rendered":"https:\/\/jeffersonisac.adv.br\/index.php\/2024\/01\/08\/comissao-aprova-penalidades-para-condutas-que-impecam-o-exercicio-do-jornalismo\/"},"modified":"2024-01-08T13:59:10","modified_gmt":"2024-01-08T16:59:10","slug":"comissao-aprova-penalidades-para-condutas-que-impecam-o-exercicio-do-jornalismo","status":"publish","type":"post","link":"https:\/\/jeffersonisac.adv.br\/index.php\/2024\/01\/08\/comissao-aprova-penalidades-para-condutas-que-impecam-o-exercicio-do-jornalismo\/","title":{"rendered":"Comiss\u00e3o aprova penalidades para condutas que impe\u00e7am o exerc\u00edcio do jornalismo"},"content":{"rendered":"<div class=\"image-container\">\n<div class=\"midia-creditos\"><em>Ester Cruz \/ C\u00e2mara dos Deputados<\/em><\/div>\n<div class=\"media-wrapper\"><\/div>\n<div class=\"midia-legenda\">Simone Marquetto relatou a proposta<\/div>\n<\/div>\n<p>A Comiss\u00e3o de Comunica\u00e7\u00e3o da C\u00e2mara dos Deputados aprovou projeto de lei que tipifica como crimes de abuso de autoridade as condutas que impe\u00e7am ou dificultem o livre exerc\u00edcio do jornalismo, al\u00e9m de definir garantias individuais e coletivas para o pleno exerc\u00edcio da liberdade de imprensa no Pa\u00eds \u2013 garantida pela Constitui\u00e7\u00e3o.<\/p>\n<p>De acordo com o <a class=\"linkProposicao\" href=\"https:\/\/www.camara.leg.br\/noticias\/660155-projeto-tipifica-como-crime-de-abuso-de-autoridade-condutas-que-impecam-livre-exercicio-do-jornalismo\">Projeto de Lei 2378\/20<\/a>, ser\u00e1 crime pun\u00edvel com <span>deten\u00e7\u00e3o<\/span> de 1 a 4 anos e multa o ato de impedir ou dificultar o livre exerc\u00edcio da profiss\u00e3o de jornalista, mediante apreens\u00e3o, adultera\u00e7\u00e3o ou destrui\u00e7\u00e3o indevida de material de trabalho ou execu\u00e7\u00e3o de captura ou pris\u00e3o de pessoa que n\u00e3o esteja em situa\u00e7\u00e3o de flagrante delito ou sem ordem judicial.<\/p>\n<p>A mesma pena ser\u00e1 aplic\u00e1vel \u00e0 autoridade que, com a finalidade de impedir ou dificultar o livre exerc\u00edcio da profiss\u00e3o, atribuir falsamente ao jornalista fato definido como crime ou fato ofensivo \u00e0 sua reputa\u00e7\u00e3o; ofender a sua dignidade ou o decoro; e incentivar ass\u00e9dio direcionado a jornalista.<\/p>\n<p><strong>Acesso preferencial<br \/>\n<\/strong>A relatora, Simone Marquetto (MDB-SP), apresentou parecer favor\u00e1vel ao texto e manteve as altera\u00e7\u00f5es aprovadas pela Comiss\u00e3o de Cultura. \u00a0Ela incorporou, entre os direitos fundamentais dos jornalistas, al\u00e9m dos j\u00e1 previstos na vers\u00e3o daquela comiss\u00e3o, o acesso preferencial a informa\u00e7\u00f5es p\u00fablicas; o recebimento, sempre que o acesso a uma informa\u00e7\u00e3o demandada aos \u00f3rg\u00e3os p\u00fablicos for negado, de justifica\u00e7\u00e3o por escrito que detalhe, de maneira clara, os dispositivos legais que impedem a divulga\u00e7\u00e3o da informa\u00e7\u00e3o requerida; e a isonomia no acesso a coletivas de imprensa concedidas por autoridades e servidores de \u00f3rg\u00e3os p\u00fablicos.<\/p>\n<p>Segundo Marquetto, \u201chouve uma crescente deteriora\u00e7\u00e3o nas condi\u00e7\u00f5es para o exerc\u00edcio do jornalismo no Brasil&#8221; que fez com que o pa\u00eds ca\u00edsse para a 111\u00aa posi\u00e7\u00e3o, entre 180, na Classifica\u00e7\u00e3o Mundial da Liberdade de Imprensa em 2021. &#8220;Com uma pontua\u00e7\u00e3o de 36,25, o Brasil \u00e9 classificado como uma regi\u00e3o em situa\u00e7\u00e3o dif\u00edcil\u201d, justificou.<\/p>\n<p><strong>Tramita\u00e7\u00e3o<\/strong><br \/>\nA proposta tramita em <span class=\"termoGlossario\">car\u00e1ter conclusivo<\/span> e ainda ser\u00e1 analisada pela Comiss\u00e3o de Constitui\u00e7\u00e3o e Justi\u00e7a e de Cidadania.<\/p>\n<p><a href=\"https:\/\/www.camara.leg.br\/noticias\/573454-SAIBA-MAIS-SOBRE-A-TRAMITACAO-DE-PROJETOS-DE-LEI\">Saiba mais sobre a tramita\u00e7\u00e3o de projetos de lei<\/a><\/p>","protected":false},"excerpt":{"rendered":"<p>Ester Cruz \/ C\u00e2mara dos Deputados Simone Marquetto relatou a proposta A Comiss\u00e3o de Comunica\u00e7\u00e3o da C\u00e2mara dos Deputados aprovou projeto de lei que tipifica como crimes de abuso de autoridade as condutas que impe\u00e7am ou dificultem o livre exerc\u00edcio do jornalismo, al\u00e9m de definir garantias individuais e coletivas para o pleno exerc\u00edcio da liberdade [&hellip;]<\/p>\n","protected":false},"author":0,"featured_media":0,"comment_status":"open","ping_status":"open","sticky":false,"template":"","format":"standard","meta":{"footnotes":""},"categories":[1],"tags":[],"_links":{"self":[{"href":"https:\/\/jeffersonisac.adv.br\/index.php\/wp-json\/wp\/v2\/posts\/4302"}],"collection":[{"href":"https:\/\/jeffersonisac.adv.br\/index.php\/wp-json\/wp\/v2\/posts"}],"about":[{"href":"https:\/\/jeffersonisac.adv.br\/index.php\/wp-json\/wp\/v2\/types\/post"}],"replies":[{"embeddable":true,"href":"https:\/\/jeffersonisac.adv.br\/index.php\/wp-json\/wp\/v2\/comments?post=4302"}],"version-history":[{"count":0,"href":"https:\/\/jeffersonisac.adv.br\/index.php\/wp-json\/wp\/v2\/posts\/4302\/revisions"}],"wp:attachment":[{"href":"https:\/\/jeffersonisac.adv.br\/index.php\/wp-json\/wp\/v2\/media?parent=4302"}],"wp:term":[{"taxonomy":"category","embeddable":true,"href":"https:\/\/jeffersonisac.adv.br\/index.php\/wp-json\/wp\/v2\/categories?post=4302"},{"taxonomy":"post_tag","embeddable":true,"href":"https:\/\/jeffersonisac.adv.br\/index.php\/wp-json\/wp\/v2\/tags?post=4302"}],"curies":[{"name":"wp","href":"https:\/\/api.w.org\/{rel}","templated":true}]}}