{"id":4320,"date":"2024-01-09T15:50:58","date_gmt":"2024-01-09T18:50:58","guid":{"rendered":"https:\/\/jeffersonisac.adv.br\/index.php\/2024\/01\/09\/lei-institui-2024-como-ano-nacional-fernando-sabino\/"},"modified":"2024-01-09T15:50:58","modified_gmt":"2024-01-09T18:50:58","slug":"lei-institui-2024-como-ano-nacional-fernando-sabino","status":"publish","type":"post","link":"https:\/\/jeffersonisac.adv.br\/index.php\/2024\/01\/09\/lei-institui-2024-como-ano-nacional-fernando-sabino\/","title":{"rendered":"Lei institui 2024 como \u201cAno Nacional Fernando Sabino\u201d"},"content":{"rendered":"<div class=\"image-container\">\n<div class=\"midia-creditos\"><em>Acervo pessoal \/ Bernardo Sabino \/ Ag\u00eancia Minas<\/em><\/div>\n<div class=\"media-wrapper\"><\/div>\n<div class=\"midia-legenda\">O escritor mineiro Fernando Sabino<\/div>\n<\/div>\n<p>O presidente da Rep\u00fablica, Luiz In\u00e1cio Lula da Silva, sancionou a <a class=\"linkLegislacao\" href=\"https:\/\/www2.camara.gov.br\/legin\/fed\/lei\/2024\/lei-14794-5-janeiro-2024-795216-norma-pl.html\">Lei 14.794\/24<\/a>, que institui 2024 como \u201cAno Nacional Fernando Sabino\u201d. O texto foi publicado no Di\u00e1rio Oficial da Uni\u00e3o desta segunda-feira (8).<\/p>\n<p>O Projeto de Lei 2626\/23, da deputada Bia Kicis (PL-DF), aprovado <a href=\"https:\/\/www.camara.leg.br\/noticias\/1007846-COMISSAO-APROVA-2023-COMO-ANO-NACIONAL-FERNANDO-SABINO\">pela C\u00e2mara dos Deputados em outubro<\/a>, originalmente previa a homenagem em 2023, pelos 100 anos do nascimento desse escritor mineiro. No Senado, foi transferida para 2024, quando ser\u00e3o completados 20 anos da sua morte.<\/p>\n<p>Sabino recebeu duas vezes o pr\u00eamio Jabuti, o principal da literatura nacional, com \u201cO Grande Mentecapto\u201d (1980) e com \u201cLivro Aberto\u201d (2002). Outras obras dele s\u00e3o \u201cO Encontro Marcado\u201d, \u201cO Homem Nu\u201d e \u201cO Menino no Espelho\u201d.<\/p>\n<p><strong>Her\u00f3is e hero\u00ednas<\/strong><br \/>\nTr\u00eas novas leis inscrevem nomes no Livro dos Her\u00f3is e Hero\u00ednas da P\u00e1tria, a partir de propostas do Senado (PLs <a href=\"https:\/\/www.camara.leg.br\/noticias\/1012913-CCJ-APROVA-INCLUSAO-DE-LUIZ-GONZAGA-NO-LIVRO-DE-HEROIS-E-HEROINAS-DA-PATRIA\">1927\/19<\/a>, <a href=\"https:\/\/www.camara.leg.br\/noticias\/1011331-COMISSAO-APROVA-HOMENAGENS-A-PESSOAS-E-MUNICIPIOS-E-CRIACAO-DE-DATAS-COMEMORATIVAS\">3903\/21<\/a> e <a href=\"https:\/\/www.camara.leg.br\/noticias\/1020408-COMISSAO-APROVA-PROJETOS-QUE-HOMENAGEIAM-PERSONALIDADES-HISTORICAS\">3493\/21<\/a>). S\u00e3o elas:<\/p>\n<p>a <a class=\"linkLegislacao\" href=\"https:\/\/www2.camara.gov.br\/legin\/fed\/lei\/2024\/lei-14793-5-janeiro-2024-795215-norma-pl.html\">Lei 14.793\/24<\/a>, que homenageia o cantor e compositor Luiz Gonzaga (1912-1989), conhecido como \u201crei do bai\u00e3o\u201d;<br \/>\na <a class=\"linkLegislacao\" href=\"https:\/\/www2.camara.gov.br\/legin\/fed\/lei\/2024\/lei-14796-5-janeiro-2024-795218-norma-pl.html\">Lei 14.796\/24<\/a>, que destaca a educadora Dorina Nowill (1919-2010), ativista da luta pela acessibilidade para pessoas com defici\u00eancia; e<br \/>\na <a class=\"linkLegislacao\" href=\"https:\/\/www2.camara.gov.br\/legin\/fed\/lei\/2024\/lei-14795-5-janeiro-2024-795217-norma-pl.html\">Lei 14.795\/24<\/a>, que lembra os Lanceiros Negros pela atua\u00e7\u00e3o na Revolu\u00e7\u00e3o Farroupilha (guerra do Rio Grande do Sul contra o Imp\u00e9rio, de 1835 a 1845).<\/p>\n<p><strong>Agentes de sa\u00fade<\/strong><br \/>\nJ\u00e1 <a class=\"linkLegislacao\" href=\"https:\/\/www2.camara.gov.br\/legin\/fed\/lei\/2024\/lei-14799-5-janeiro-2024-795221-norma-pl.html\">Lei 14.799\/24<\/a>, tamb\u00e9m sancionada por Lula, d\u00e1 o nome de Ruth Brilhante (1958-2017) \u00e0 norma que regulamenta as atividades dos agentes comunit\u00e1rios de sa\u00fade e dos agentes de combate a endemias (<a class=\"linkLegislacao\" href=\"https:\/\/www2.camara.gov.br\/legin\/fed\/lei\/2006\/lei-11350-5-outubro-2006-545707-norma-pl.html\">Lei 11.350\/06<\/a>).<\/p>\n<p>Apresentada pela ex-senadora F\u00e1tima Bezerra (RN) por meio do <a href=\"https:\/\/www.camara.leg.br\/noticias\/1012916-CCJ-APROVA-O-NOME-DE-RUTH-BRILHANTE-PARA-A-LEI-QUE-REGULAMENTA-ATIVIDADES-DOS-AGENTES-COMUNITARIOS-DE-SAUDE\">Projeto de Lei 6383\/19<\/a>, a homenagem lembra a presidente por tr\u00eas mandatos da Confedera\u00e7\u00e3o Nacional dos Agentes Comunit\u00e1rios de Sa\u00fade (Conacs).<\/p>","protected":false},"excerpt":{"rendered":"<p>Acervo pessoal \/ Bernardo Sabino \/ Ag\u00eancia Minas O escritor mineiro Fernando Sabino O presidente da Rep\u00fablica, Luiz In\u00e1cio Lula da Silva, sancionou a Lei 14.794\/24, que institui 2024 como \u201cAno Nacional Fernando Sabino\u201d. O texto foi publicado no Di\u00e1rio Oficial da Uni\u00e3o desta segunda-feira (8). O Projeto de Lei 2626\/23, da deputada Bia Kicis [&hellip;]<\/p>\n","protected":false},"author":0,"featured_media":0,"comment_status":"open","ping_status":"open","sticky":false,"template":"","format":"standard","meta":{"footnotes":""},"categories":[1],"tags":[],"_links":{"self":[{"href":"https:\/\/jeffersonisac.adv.br\/index.php\/wp-json\/wp\/v2\/posts\/4320"}],"collection":[{"href":"https:\/\/jeffersonisac.adv.br\/index.php\/wp-json\/wp\/v2\/posts"}],"about":[{"href":"https:\/\/jeffersonisac.adv.br\/index.php\/wp-json\/wp\/v2\/types\/post"}],"replies":[{"embeddable":true,"href":"https:\/\/jeffersonisac.adv.br\/index.php\/wp-json\/wp\/v2\/comments?post=4320"}],"version-history":[{"count":0,"href":"https:\/\/jeffersonisac.adv.br\/index.php\/wp-json\/wp\/v2\/posts\/4320\/revisions"}],"wp:attachment":[{"href":"https:\/\/jeffersonisac.adv.br\/index.php\/wp-json\/wp\/v2\/media?parent=4320"}],"wp:term":[{"taxonomy":"category","embeddable":true,"href":"https:\/\/jeffersonisac.adv.br\/index.php\/wp-json\/wp\/v2\/categories?post=4320"},{"taxonomy":"post_tag","embeddable":true,"href":"https:\/\/jeffersonisac.adv.br\/index.php\/wp-json\/wp\/v2\/tags?post=4320"}],"curies":[{"name":"wp","href":"https:\/\/api.w.org\/{rel}","templated":true}]}}