{"id":4363,"date":"2024-01-11T20:55:48","date_gmt":"2024-01-11T23:55:48","guid":{"rendered":"https:\/\/jeffersonisac.adv.br\/index.php\/2024\/01\/11\/comissao-aprova-politica-nacional-para-tratamento-de-doencas-de-pele-no-sus\/"},"modified":"2024-01-11T20:55:48","modified_gmt":"2024-01-11T23:55:48","slug":"comissao-aprova-politica-nacional-para-tratamento-de-doencas-de-pele-no-sus","status":"publish","type":"post","link":"https:\/\/jeffersonisac.adv.br\/index.php\/2024\/01\/11\/comissao-aprova-politica-nacional-para-tratamento-de-doencas-de-pele-no-sus\/","title":{"rendered":"Comiss\u00e3o aprova pol\u00edtica nacional para tratamento de doen\u00e7as de pele no SUS"},"content":{"rendered":"<div class=\"image-container\">\n<div class=\"midia-creditos\"><em>Zeca Ribeiro \/ C\u00e2mara dos Deputados<\/em><\/div>\n<div class=\"media-wrapper\"><\/div>\n<div class=\"midia-legenda\">Texto aprovado \u00e9 substitutivo do relator, Ismael Alexandrino<\/div>\n<\/div>\n<p>A Comiss\u00e3o de Sa\u00fade da C\u00e2mara dos Deputados aprovou proposta que cria, no \u00e2mbito do Sistema \u00danico de Sa\u00fade (SUS), a Pol\u00edtica Nacional de Preven\u00e7\u00e3o, Tratamento e Controle das Doen\u00e7as Cr\u00f4nicas da Pele.<\/p>\n<p>A ideia \u00e9 adotar uma abordagem integrada, humanizada e multidisciplinar para o manejo dessas doen\u00e7as, respeitando a autonomia do paciente e do profissional de sa\u00fade nas decis\u00f5es terap\u00eauticas.<\/p>\n<p>A vers\u00e3o aprovada \u00e9 um <span class=\"termoGlossario\">substitutivo<\/span> ao Projeto de Lei 4623\/23, do deputado Cabo Gilberto Silva (PL-PB). O relator, deputado Ismael Alexandrino (PSD-GO), reuniu em um \u00fanico texto as iniciativas previstas no projeto original e no apensado (PL 4824\/23).<\/p>\n<p>Em seu parecer, Alexandrino argumentou que o projeto original enfatiza a preven\u00e7\u00e3o das doen\u00e7as cr\u00f4nicas da pele por meio da realiza\u00e7\u00e3o de campanhas de conscientiza\u00e7\u00e3o e a difus\u00e3o de h\u00e1bitos saud\u00e1veis.<\/p>\n<p>J\u00e1 o projeto apensado enfatiza a import\u00e2ncia de acesso universal e humanizado \u00e0 sa\u00fade da pele, com a implementa\u00e7\u00e3o de pol\u00edtica p\u00fablica no \u00e2mbito do SUS. O texto destaca doen\u00e7as como psor\u00edase, dermatite at\u00f3pica, hidradenite supurativa, urtic\u00e1ria espont\u00e2nea e angioedema, enfatizando as complexidades de diagn\u00f3stico e tratamento, bem como os impactos f\u00edsicos e psicossociais dessas doen\u00e7as.<\/p>\n<p>\u201cA fus\u00e3o dessas duas propostas em um substitutivo proporcionaria uma estrutura mais abrangente e efetiva, alinhando a preven\u00e7\u00e3o e o tratamento das doen\u00e7as cr\u00f4nicas de pele com as melhores pr\u00e1ticas e conhecimentos cient\u00edficos atuais\u201d, defendeu.<\/p>\n<p>Pelo texto aprovado, a Pol\u00edtica Nacional ter\u00e1 como diretrizes:<br \/>\n&#8211; acesso universal e equitativo \u00e0 sa\u00fade no \u00e2mbito do SUS, garantindo atendimento humanizado e respeitoso;<br \/>\n&#8211; cuidado integral e multidisciplinar, incluindo atendimento psicol\u00f3gico,<br \/>\npsiqui\u00e1trico e de assist\u00eancia social;<br \/>\n&#8211; elabora\u00e7\u00e3o e atualiza\u00e7\u00e3o peri\u00f3dica dos protocolos cl\u00ednicos e diretrizes<br \/>\nterap\u00eauticas, baseando-se em evid\u00eancias cient\u00edficas atuais;<br \/>\n&#8211; fortalecimento da aten\u00e7\u00e3o prim\u00e1ria \u00e0 sa\u00fade, com foco no diagn\u00f3stico<br \/>\nprecoce e tratamento adequado; e<br \/>\n&#8211; planejamento, monitoramento e avalia\u00e7\u00e3o cont\u00ednua das pol\u00edticas<br \/>\nespec\u00edficas de cuidado com as doen\u00e7as cr\u00f4nicas de pele.<\/p>\n<p><strong>Tramita\u00e7\u00e3o<br \/>\n<\/strong>A proposta ser\u00e1 analisada de forma <span class=\"termoGlossario\">conclusiva<\/span> pelas comiss\u00f5es de Finan\u00e7as e Tributa\u00e7\u00e3o e de Constitui\u00e7\u00e3o e Justi\u00e7a e de Cidadania.<\/p>\n<p><a href=\"https:\/\/www.camara.leg.br\/noticias\/573454-SAIBA-MAIS-SOBRE-A-TRAMITACAO-DE-PROJETOS-DE-LEI\">Saiba mais sobre a tramita\u00e7\u00e3o de projetos de lei<\/a><\/p>","protected":false},"excerpt":{"rendered":"<p>Zeca Ribeiro \/ C\u00e2mara dos Deputados Texto aprovado \u00e9 substitutivo do relator, Ismael Alexandrino A Comiss\u00e3o de Sa\u00fade da C\u00e2mara dos Deputados aprovou proposta que cria, no \u00e2mbito do Sistema \u00danico de Sa\u00fade (SUS), a Pol\u00edtica Nacional de Preven\u00e7\u00e3o, Tratamento e Controle das Doen\u00e7as Cr\u00f4nicas da Pele. A ideia \u00e9 adotar uma abordagem integrada, humanizada [&hellip;]<\/p>\n","protected":false},"author":0,"featured_media":0,"comment_status":"open","ping_status":"open","sticky":false,"template":"","format":"standard","meta":{"footnotes":""},"categories":[1],"tags":[],"_links":{"self":[{"href":"https:\/\/jeffersonisac.adv.br\/index.php\/wp-json\/wp\/v2\/posts\/4363"}],"collection":[{"href":"https:\/\/jeffersonisac.adv.br\/index.php\/wp-json\/wp\/v2\/posts"}],"about":[{"href":"https:\/\/jeffersonisac.adv.br\/index.php\/wp-json\/wp\/v2\/types\/post"}],"replies":[{"embeddable":true,"href":"https:\/\/jeffersonisac.adv.br\/index.php\/wp-json\/wp\/v2\/comments?post=4363"}],"version-history":[{"count":0,"href":"https:\/\/jeffersonisac.adv.br\/index.php\/wp-json\/wp\/v2\/posts\/4363\/revisions"}],"wp:attachment":[{"href":"https:\/\/jeffersonisac.adv.br\/index.php\/wp-json\/wp\/v2\/media?parent=4363"}],"wp:term":[{"taxonomy":"category","embeddable":true,"href":"https:\/\/jeffersonisac.adv.br\/index.php\/wp-json\/wp\/v2\/categories?post=4363"},{"taxonomy":"post_tag","embeddable":true,"href":"https:\/\/jeffersonisac.adv.br\/index.php\/wp-json\/wp\/v2\/tags?post=4363"}],"curies":[{"name":"wp","href":"https:\/\/api.w.org\/{rel}","templated":true}]}}