{"id":4372,"date":"2024-01-12T13:04:16","date_gmt":"2024-01-12T16:04:16","guid":{"rendered":"https:\/\/jeffersonisac.adv.br\/index.php\/2024\/01\/12\/comissao-aprova-projeto-que-concede-desconto-para-pessoa-com-deficiencia-em-hotel-sem-acessibilidade\/"},"modified":"2024-01-12T13:04:16","modified_gmt":"2024-01-12T16:04:16","slug":"comissao-aprova-projeto-que-concede-desconto-para-pessoa-com-deficiencia-em-hotel-sem-acessibilidade","status":"publish","type":"post","link":"https:\/\/jeffersonisac.adv.br\/index.php\/2024\/01\/12\/comissao-aprova-projeto-que-concede-desconto-para-pessoa-com-deficiencia-em-hotel-sem-acessibilidade\/","title":{"rendered":"Comiss\u00e3o aprova projeto que concede desconto para pessoa com defici\u00eancia em hotel sem acessibilidade"},"content":{"rendered":"<div class=\"image-container\">\n<div class=\"midia-creditos\"><em>Pablo Valadares\/C\u00e2mara dos Deputados<\/em><\/div>\n<div class=\"media-wrapper\"><\/div>\n<div class=\"midia-legenda\">Paulinho Freire foi o relator do projeto de lei<\/div>\n<\/div>\n<p>A Comiss\u00e3o de Turismo da C\u00e2mara dos Deputados aprovou proposta que garante a pessoas com defici\u00eancia desconto de 10% na di\u00e1ria de hot\u00e9is ou pousadas que, por raz\u00f5es t\u00e9cnico-estruturais, n\u00e3o oferecem dormit\u00f3rio acess\u00edvel.<\/p>\n<p>Atualmente, o <a href=\"http:\/\/www2.camara.leg.br\/legin\/fed\/lei\/2015\/lei-13146-6-julho-2015-781174-normaatualizada-pl.html\">Estatuto da Pessoa com Defici\u00eancia<\/a>\u00a0j\u00e1 exige que hot\u00e9is e pousadas ofertem, pelo menos, 10% dos dormit\u00f3rios com acessibilidade, com o m\u00ednimo de uma unidade.<\/p>\n<p>Pelo texto aprovado, os estabelecimentos que, por impossibilidade t\u00e9cnica devido a riscos estruturais da edifica\u00e7\u00e3o, n\u00e3o possam cumprir a meta dever\u00e3o comprovar a condi\u00e7\u00e3o por meio de laudo t\u00e9cnico estrutural e garantir desconto de 10% na di\u00e1ria para pessoas com defici\u00eancia.<\/p>\n<p>O descumprimento da regra sujeita o infrator a multa ou suspens\u00e3o do alvar\u00e1 de funcionamento.<\/p>\n<p><strong>Substitutivo<br \/>\n<\/strong>O texto foi aprovado na forma do <span class=\"termoGlossario\">substitutivo<\/span> do deputado Paulinho Freire (Uni\u00e3o-RN) ao <a class=\"linkProposicao\" href=\"https:\/\/www.camara.leg.br\/noticias\/552458-proposta-exige-desconto-para-pessoa-com-deficiencia-em-hotel-sem-acessibilidade\">Projeto de Lei 230\/19<\/a>, do ex-deputado Roberto de Lucena (SP).<\/p>\n<p>\u201c\u00c9 uma solu\u00e7\u00e3o inteligente para a quest\u00e3o, pois torna mais justa a competi\u00e7\u00e3o entre os meios de hospedagem j\u00e1 existentes e compensa economicamente a pessoa com defici\u00eancia que se hospeda em dormit\u00f3rios pouco acess\u00edveis\u201d, disse Freire.<\/p>\n<p>A proposta estabelece ainda que um aviso sobre o direito \u00e0 redu\u00e7\u00e3o na di\u00e1ria seja colocado em local vis\u00edvel no hotel. Al\u00e9m disso, os sites dos estabelecimentos dever\u00e3o informar sobre as unidades para pessoas com defici\u00eancia.<\/p>\n<p><strong>Tramita\u00e7\u00e3o<\/strong><br \/>\nO projeto tramita em <span class=\"termoGlossario\">car\u00e1ter conclusivo<\/span> e ser\u00e1 analisado ainda pela Comiss\u00e3o de Constitui\u00e7\u00e3o e Justi\u00e7a e de Cidadania (CCJ).<\/p>\n<p><a href=\"https:\/\/www.camara.leg.br\/noticias\/573454-SAIBA-MAIS-SOBRE-A-TRAMITACAO-DE-PROJETOS-DE-LEI\">Saiba mais sobre a tramita\u00e7\u00e3o de projetos de lei<\/a><\/p>","protected":false},"excerpt":{"rendered":"<p>Pablo Valadares\/C\u00e2mara dos Deputados Paulinho Freire foi o relator do projeto de lei A Comiss\u00e3o de Turismo da C\u00e2mara dos Deputados aprovou proposta que garante a pessoas com defici\u00eancia desconto de 10% na di\u00e1ria de hot\u00e9is ou pousadas que, por raz\u00f5es t\u00e9cnico-estruturais, n\u00e3o oferecem dormit\u00f3rio acess\u00edvel. Atualmente, o Estatuto da Pessoa com Defici\u00eancia\u00a0j\u00e1 exige que [&hellip;]<\/p>\n","protected":false},"author":0,"featured_media":0,"comment_status":"open","ping_status":"open","sticky":false,"template":"","format":"standard","meta":{"footnotes":""},"categories":[1],"tags":[],"_links":{"self":[{"href":"https:\/\/jeffersonisac.adv.br\/index.php\/wp-json\/wp\/v2\/posts\/4372"}],"collection":[{"href":"https:\/\/jeffersonisac.adv.br\/index.php\/wp-json\/wp\/v2\/posts"}],"about":[{"href":"https:\/\/jeffersonisac.adv.br\/index.php\/wp-json\/wp\/v2\/types\/post"}],"replies":[{"embeddable":true,"href":"https:\/\/jeffersonisac.adv.br\/index.php\/wp-json\/wp\/v2\/comments?post=4372"}],"version-history":[{"count":0,"href":"https:\/\/jeffersonisac.adv.br\/index.php\/wp-json\/wp\/v2\/posts\/4372\/revisions"}],"wp:attachment":[{"href":"https:\/\/jeffersonisac.adv.br\/index.php\/wp-json\/wp\/v2\/media?parent=4372"}],"wp:term":[{"taxonomy":"category","embeddable":true,"href":"https:\/\/jeffersonisac.adv.br\/index.php\/wp-json\/wp\/v2\/categories?post=4372"},{"taxonomy":"post_tag","embeddable":true,"href":"https:\/\/jeffersonisac.adv.br\/index.php\/wp-json\/wp\/v2\/tags?post=4372"}],"curies":[{"name":"wp","href":"https:\/\/api.w.org\/{rel}","templated":true}]}}