{"id":4387,"date":"2024-01-15T20:00:37","date_gmt":"2024-01-15T23:00:37","guid":{"rendered":"https:\/\/jeffersonisac.adv.br\/index.php\/2024\/01\/15\/sancionada-lei-que-evita-a-interrupcao-do-bolsa-familia-para-indenizados-por-desastres-com-barragens\/"},"modified":"2024-01-15T20:00:37","modified_gmt":"2024-01-15T23:00:37","slug":"sancionada-lei-que-evita-a-interrupcao-do-bolsa-familia-para-indenizados-por-desastres-com-barragens","status":"publish","type":"post","link":"https:\/\/jeffersonisac.adv.br\/index.php\/2024\/01\/15\/sancionada-lei-que-evita-a-interrupcao-do-bolsa-familia-para-indenizados-por-desastres-com-barragens\/","title":{"rendered":"Sancionada lei que evita a interrup\u00e7\u00e3o do Bolsa Fam\u00edlia para indenizados por desastres com barragens"},"content":{"rendered":"<div class=\"image-container\">\n<div class=\"midia-creditos\"><em>Ricardo Stuckert<\/em><\/div>\n<div class=\"media-wrapper\"><\/div>\n<div class=\"midia-legenda\">Acidente com barragem da Vale em Brumadinho (MG) em 2019<\/div>\n<\/div>\n<p>O presidente da Rep\u00fablica, Luiz In\u00e1cio Lula da Silva, sancionou lei que deixa claro que indeniza\u00e7\u00f5es recebidas por v\u00edtimas de desastres com barragens n\u00e3o ser\u00e3o contabilizadas no c\u00e1lculo de renda familiar (<a class=\"linkLegislacao\" href=\"https:\/\/www2.camara.gov.br\/legin\/fed\/lei\/2024\/lei-14809-12-janeiro-2024-795242-norma-pl.html\">Lei 14.809\/24<\/a>). A ideia \u00e9 evitar que pessoas indenizadas sejam exclu\u00eddas de programas sociais por conta desse aumento artificial na renda.<\/p>\n<p>O texto tem origem no Projeto de Lei 4034\/19, do Senado, que foi <a href=\"https:\/\/www.camara.leg.br\/noticias\/1010739-COMISSAO-APROVA-PROJETO-QUE-EXCLUI-INDENIZACOES-DO-CALCULO-DA-RENDA-MAXIMA-PARA-BENEFICIOS-SOCIAIS\">aprovado pela C\u00e2mara dos Deputados em outubro do ano passado<\/a>. O presidente Lula sancionou o texto sem vetos.<\/p>\n<p>De acordo com o texto, indeniza\u00e7\u00f5es ou aux\u00edlios recebidos em raz\u00e3o de rompimentos ou colapsos de barragens n\u00e3o ser\u00e3o considerados renda familiar para fins de inscri\u00e7\u00e3o no Cadastro \u00danico para Programas Sociais do Governo Federal (<span>Cad\u00danico<\/span>).<\/p>\n<p>Assim, o recebimento de parcelas do Benef\u00edcio de Presta\u00e7\u00e3o Continuada (<span class=\"termoGlossario\">BPC<\/span>) ou do <span class=\"termoGlossario\">Bolsa Fam\u00edlia<\/span> n\u00e3o ser\u00e1 interrompido, ainda que a soma de ganho regular com indeniza\u00e7\u00e3o ultrapasse o limite m\u00e1ximo de renda familiar no programa.<\/p>","protected":false},"excerpt":{"rendered":"<p>Ricardo Stuckert Acidente com barragem da Vale em Brumadinho (MG) em 2019 O presidente da Rep\u00fablica, Luiz In\u00e1cio Lula da Silva, sancionou lei que deixa claro que indeniza\u00e7\u00f5es recebidas por v\u00edtimas de desastres com barragens n\u00e3o ser\u00e3o contabilizadas no c\u00e1lculo de renda familiar (Lei 14.809\/24). A ideia \u00e9 evitar que pessoas indenizadas sejam exclu\u00eddas de [&hellip;]<\/p>\n","protected":false},"author":0,"featured_media":0,"comment_status":"open","ping_status":"open","sticky":false,"template":"","format":"standard","meta":{"footnotes":""},"categories":[1],"tags":[],"_links":{"self":[{"href":"https:\/\/jeffersonisac.adv.br\/index.php\/wp-json\/wp\/v2\/posts\/4387"}],"collection":[{"href":"https:\/\/jeffersonisac.adv.br\/index.php\/wp-json\/wp\/v2\/posts"}],"about":[{"href":"https:\/\/jeffersonisac.adv.br\/index.php\/wp-json\/wp\/v2\/types\/post"}],"replies":[{"embeddable":true,"href":"https:\/\/jeffersonisac.adv.br\/index.php\/wp-json\/wp\/v2\/comments?post=4387"}],"version-history":[{"count":0,"href":"https:\/\/jeffersonisac.adv.br\/index.php\/wp-json\/wp\/v2\/posts\/4387\/revisions"}],"wp:attachment":[{"href":"https:\/\/jeffersonisac.adv.br\/index.php\/wp-json\/wp\/v2\/media?parent=4387"}],"wp:term":[{"taxonomy":"category","embeddable":true,"href":"https:\/\/jeffersonisac.adv.br\/index.php\/wp-json\/wp\/v2\/categories?post=4387"},{"taxonomy":"post_tag","embeddable":true,"href":"https:\/\/jeffersonisac.adv.br\/index.php\/wp-json\/wp\/v2\/tags?post=4387"}],"curies":[{"name":"wp","href":"https:\/\/api.w.org\/{rel}","templated":true}]}}