{"id":4486,"date":"2024-01-26T18:37:09","date_gmt":"2024-01-26T21:37:09","guid":{"rendered":"https:\/\/jeffersonisac.adv.br\/index.php\/2024\/01\/26\/projeto-cria-politica-nacional-de-agroecologia-e-producao-organica\/"},"modified":"2024-01-26T18:37:09","modified_gmt":"2024-01-26T21:37:09","slug":"projeto-cria-politica-nacional-de-agroecologia-e-producao-organica","status":"publish","type":"post","link":"https:\/\/jeffersonisac.adv.br\/index.php\/2024\/01\/26\/projeto-cria-politica-nacional-de-agroecologia-e-producao-organica\/","title":{"rendered":"Projeto cria Pol\u00edtica Nacional de Agroecologia e Produ\u00e7\u00e3o Org\u00e2nica"},"content":{"rendered":"<div class=\"image-container\">\n<div class=\"midia-creditos\"><em>Zeca Ribeiro\/C\u00e2mara dos Deputados<\/em><\/div>\n<div class=\"media-wrapper\"><\/div>\n<div class=\"midia-legenda\">Valmir Assun\u00e7\u00e3o, autor do projeto de lei<\/div>\n<\/div>\n<p>O Projeto de Lei 3904\/23 institui a Pol\u00edtica Nacional de Agroecologia e Produ\u00e7\u00e3o Org\u00e2nica (PNAPO), com o objetivo de promover a transi\u00e7\u00e3o agroecol\u00f3gica, a rela\u00e7\u00e3o comercial de produtos sustent\u00e1veis e o desenvolvimento de sistemas agr\u00edcolas sustent\u00e1veis.<\/p>\n<p>Para implementa\u00e7\u00e3o da pol\u00edtica, a proposta prev\u00ea:<\/p>\n<p>a cria\u00e7\u00e3o de linhas de cr\u00e9dito especiais para a produ\u00e7\u00e3o de base agroecol\u00f3gica, de base org\u00e2nica e para o extrativismo sustent\u00e1vel;<br \/>\no estabelecimento de conv\u00eanios, contratos, termos de fomento e termos de coopera\u00e7\u00e3o com entidades de assist\u00eancia t\u00e9cnica e extens\u00e3o rural;<br \/>\na concess\u00e3o de tratamento tribut\u00e1rio, sanit\u00e1rio e ambiental diferenciado e favorecido para produtos, tecnologias e equipamentos apropriados para a produ\u00e7\u00e3o de base agroecol\u00f3gica e de base org\u00e2nica;<br \/>\noutras formas de fomento para a atividade.<\/p>\n<p>O texto estabelece os princ\u00edpios e diretrizes da PNAPO, entre eles:<\/p>\n<p>o desenvolvimento rural sustent\u00e1vel;<br \/>\na autogest\u00e3o da comunidade produtora, com respeito \u00e0 cultura, \u00e0s tradi\u00e7\u00f5es e aos saberes, e est\u00edmulo \u00e0 din\u00e2mica social;<br \/>\na diversifica\u00e7\u00e3o e a integra\u00e7\u00e3o das atividades econ\u00f4micas da propriedade;<br \/>\na qualidade de vida das popula\u00e7\u00f5es nas cidades e no campo.<\/p>\n<p>De acordo com a proposi\u00e7\u00e3o, o plano ser\u00e1 implementada pela Uni\u00e3o em regime de articula\u00e7\u00e3o e coopera\u00e7\u00e3o com os estados, o Distrito Federal e os munic\u00edpios, organiza\u00e7\u00f5es populares, movimentos da sociedade civil e entidades privadas.<\/p>\n<p>O projeto prev\u00ea ainda as seguintes fontes de financiamento para o PNAPO:<\/p>\n<p>recursos do Tesouro Nacional;<br \/>\nrecursos oriundos de outros entes da Federa\u00e7\u00e3o;<br \/>\nrecursos de funda\u00e7\u00f5es, empresas p\u00fablicas e privadas, institui\u00e7\u00f5es financeiras, organismos multilaterais e organiza\u00e7\u00f5es n\u00e3o governamentais.<\/p>\n<p>O autor do projeto, deputado Valmir Assun\u00e7\u00e3o (PT-BA), afirma que a utiliza\u00e7\u00e3o de pr\u00e1ticas agr\u00edcolas que propiciem a manuten\u00e7\u00e3o da fertilidade dos solos e o desenvolvimento saud\u00e1vel das plantas \u00e9 fundamental para alterar o sistema de produ\u00e7\u00e3o no Pa\u00eds, ao inv\u00e9s da monocultura intensiva no uso de transg\u00eanicos, fertilizantes qu\u00edmicos, agrot\u00f3xicos e promotores de crescimento sint\u00e9ticos.<\/p>\n<p>\u201cA agricultura \u00e9 um dos pilares da nossa economia e da nossa identidade como na\u00e7\u00e3o. Em raz\u00e3o disso, h\u00e1 que se cuidar para que ela seja desenvolvida de forma sustent\u00e1vel, justa e resiliente. Com a aprova\u00e7\u00e3o deste projeto, poderemos garantir uma alimenta\u00e7\u00e3o mais saud\u00e1vel para a nossa popula\u00e7\u00e3o, um ambiente mais equilibrado e uma maior justi\u00e7a social no campo\u201d, afirma Assun\u00e7\u00e3o.<\/p>\n<p><strong>Tramita\u00e7\u00e3o<\/strong><br \/>\nO projeto, que tramita em <span class=\"termoGlossario\">car\u00e1ter conclusivo<\/span>, ser\u00e1 analisado pelas comiss\u00f5es de Agricultura, Pecu\u00e1ria, Abastecimento e Desenvolvimento Rural; de Finan\u00e7as e Tributa\u00e7\u00e3o; e de Constitui\u00e7\u00e3o e Justi\u00e7a e de Cidadania.<\/p>\n<p><a href=\"https:\/\/www.camara.leg.br\/noticias\/573454-SAIBA-MAIS-SOBRE-A-TRAMITACAO-DE-PROJETOS-DE-LEI\">Saiba mais sobre a tramita\u00e7\u00e3o de projetos de lei<\/a><\/p>","protected":false},"excerpt":{"rendered":"<p>Zeca Ribeiro\/C\u00e2mara dos Deputados Valmir Assun\u00e7\u00e3o, autor do projeto de lei O Projeto de Lei 3904\/23 institui a Pol\u00edtica Nacional de Agroecologia e Produ\u00e7\u00e3o Org\u00e2nica (PNAPO), com o objetivo de promover a transi\u00e7\u00e3o agroecol\u00f3gica, a rela\u00e7\u00e3o comercial de produtos sustent\u00e1veis e o desenvolvimento de sistemas agr\u00edcolas sustent\u00e1veis. Para implementa\u00e7\u00e3o da pol\u00edtica, a proposta prev\u00ea: a [&hellip;]<\/p>\n","protected":false},"author":0,"featured_media":0,"comment_status":"open","ping_status":"open","sticky":false,"template":"","format":"standard","meta":{"footnotes":""},"categories":[1],"tags":[],"_links":{"self":[{"href":"https:\/\/jeffersonisac.adv.br\/index.php\/wp-json\/wp\/v2\/posts\/4486"}],"collection":[{"href":"https:\/\/jeffersonisac.adv.br\/index.php\/wp-json\/wp\/v2\/posts"}],"about":[{"href":"https:\/\/jeffersonisac.adv.br\/index.php\/wp-json\/wp\/v2\/types\/post"}],"replies":[{"embeddable":true,"href":"https:\/\/jeffersonisac.adv.br\/index.php\/wp-json\/wp\/v2\/comments?post=4486"}],"version-history":[{"count":0,"href":"https:\/\/jeffersonisac.adv.br\/index.php\/wp-json\/wp\/v2\/posts\/4486\/revisions"}],"wp:attachment":[{"href":"https:\/\/jeffersonisac.adv.br\/index.php\/wp-json\/wp\/v2\/media?parent=4486"}],"wp:term":[{"taxonomy":"category","embeddable":true,"href":"https:\/\/jeffersonisac.adv.br\/index.php\/wp-json\/wp\/v2\/categories?post=4486"},{"taxonomy":"post_tag","embeddable":true,"href":"https:\/\/jeffersonisac.adv.br\/index.php\/wp-json\/wp\/v2\/tags?post=4486"}],"curies":[{"name":"wp","href":"https:\/\/api.w.org\/{rel}","templated":true}]}}