{"id":4514,"date":"2024-01-30T12:58:00","date_gmt":"2024-01-30T15:58:00","guid":{"rendered":"https:\/\/jeffersonisac.adv.br\/index.php\/2024\/01\/30\/projeto-veda-repasse-a-entidade-sem-fins-lucrativos-que-recebe-financiamento-estrangeiro\/"},"modified":"2024-01-30T12:58:00","modified_gmt":"2024-01-30T15:58:00","slug":"projeto-veda-repasse-a-entidade-sem-fins-lucrativos-que-recebe-financiamento-estrangeiro","status":"publish","type":"post","link":"https:\/\/jeffersonisac.adv.br\/index.php\/2024\/01\/30\/projeto-veda-repasse-a-entidade-sem-fins-lucrativos-que-recebe-financiamento-estrangeiro\/","title":{"rendered":"Projeto veda repasse a entidade sem fins lucrativos que recebe financiamento estrangeiro"},"content":{"rendered":"<div class=\"image-container\">\n<div class=\"midia-creditos\"><em>Zeca Ribeiro \/ C\u00e2mara dos Deputados<\/em><\/div>\n<div class=\"media-wrapper\"><\/div>\n<div class=\"midia-legenda\">Rodrigo Valadares: financiamento externo favorece agenda estrangeira<\/div>\n<\/div>\n<p>O Projeto de Lei 2188\/23 pro\u00edbe a Uni\u00e3o, os estados e os munic\u00edpios de repassarem recursos para entidades sem fins lucrativos, ag\u00eancias de checagem de fatos e institui\u00e7\u00f5es an\u00e1logas que recebam financiamento estrangeiro.<\/p>\n<p>A proposta, em tramita\u00e7\u00e3o na C\u00e2mara dos Deputados, altera a <a href=\"https:\/\/www2.camara.leg.br\/legin\/fed\/lei\/1999\/lei-9790-23-marco-1999-349541-norma-pl.html\">Lei 9.790\/99<\/a>, que regulamenta as organiza\u00e7\u00f5es da sociedade civil de interesse p\u00fablico (Oscips).<\/p>\n<p><strong>Tratamento ison\u00f4mico<br \/>\n<\/strong>O autor do projeto \u00e9 o deputado Rodrigo Valadares (Uni\u00e3o-SE). Ele afirma que o objetivo \u00e9 garantir o \u201cpapel ison\u00f4mico do Estado\u201d no financiamento das Oscips.<\/p>\n<p>\u201cUma parceria ou financiamento da Uni\u00e3o para uma entidade que j\u00e1 recebe recursos estrangeiros para promo\u00e7\u00e3o de uma agenda, que nem sempre est\u00e1 de acordo com os interesses da sociedade brasileira, causa um desequil\u00edbrio no jogo e um favorecimento da agenda promovida por essas funda\u00e7\u00f5es\u201d, afirmou.<\/p>\n<p><strong>Tramita\u00e7\u00e3o<br \/>\n<\/strong>O projeto ser\u00e1 analisado em <span class=\"termoGlossario\">car\u00e1ter conclusivo<\/span> pelas comiss\u00f5es de Administra\u00e7\u00e3o e Servi\u00e7o P\u00fablico; Finan\u00e7as e Tributa\u00e7\u00e3o; e Constitui\u00e7\u00e3o e Justi\u00e7a e de Cidadania.<\/p>\n<p><a href=\"https:\/\/www.camara.leg.br\/noticias\/573454-SAIBA-MAIS-SOBRE-A-TRAMITACAO-DE-PROJETOS-DE-LEI\">Saiba mais sobre a tramita\u00e7\u00e3o de projetos de lei<\/a><\/p>","protected":false},"excerpt":{"rendered":"<p>Zeca Ribeiro \/ C\u00e2mara dos Deputados Rodrigo Valadares: financiamento externo favorece agenda estrangeira O Projeto de Lei 2188\/23 pro\u00edbe a Uni\u00e3o, os estados e os munic\u00edpios de repassarem recursos para entidades sem fins lucrativos, ag\u00eancias de checagem de fatos e institui\u00e7\u00f5es an\u00e1logas que recebam financiamento estrangeiro. A proposta, em tramita\u00e7\u00e3o na C\u00e2mara dos Deputados, altera [&hellip;]<\/p>\n","protected":false},"author":0,"featured_media":0,"comment_status":"open","ping_status":"open","sticky":false,"template":"","format":"standard","meta":{"footnotes":""},"categories":[1],"tags":[],"_links":{"self":[{"href":"https:\/\/jeffersonisac.adv.br\/index.php\/wp-json\/wp\/v2\/posts\/4514"}],"collection":[{"href":"https:\/\/jeffersonisac.adv.br\/index.php\/wp-json\/wp\/v2\/posts"}],"about":[{"href":"https:\/\/jeffersonisac.adv.br\/index.php\/wp-json\/wp\/v2\/types\/post"}],"replies":[{"embeddable":true,"href":"https:\/\/jeffersonisac.adv.br\/index.php\/wp-json\/wp\/v2\/comments?post=4514"}],"version-history":[{"count":0,"href":"https:\/\/jeffersonisac.adv.br\/index.php\/wp-json\/wp\/v2\/posts\/4514\/revisions"}],"wp:attachment":[{"href":"https:\/\/jeffersonisac.adv.br\/index.php\/wp-json\/wp\/v2\/media?parent=4514"}],"wp:term":[{"taxonomy":"category","embeddable":true,"href":"https:\/\/jeffersonisac.adv.br\/index.php\/wp-json\/wp\/v2\/categories?post=4514"},{"taxonomy":"post_tag","embeddable":true,"href":"https:\/\/jeffersonisac.adv.br\/index.php\/wp-json\/wp\/v2\/tags?post=4514"}],"curies":[{"name":"wp","href":"https:\/\/api.w.org\/{rel}","templated":true}]}}