{"id":4524,"date":"2024-01-31T10:31:53","date_gmt":"2024-01-31T13:31:53","guid":{"rendered":"https:\/\/jeffersonisac.adv.br\/index.php\/2024\/01\/31\/projeto-garante-acesso-de-mulheres-do-campo-a-acoes-de-saude-contra-o-cancer\/"},"modified":"2024-01-31T10:31:53","modified_gmt":"2024-01-31T13:31:53","slug":"projeto-garante-acesso-de-mulheres-do-campo-a-acoes-de-saude-contra-o-cancer","status":"publish","type":"post","link":"https:\/\/jeffersonisac.adv.br\/index.php\/2024\/01\/31\/projeto-garante-acesso-de-mulheres-do-campo-a-acoes-de-saude-contra-o-cancer\/","title":{"rendered":"Projeto garante acesso de mulheres do campo a a\u00e7\u00f5es de sa\u00fade contra o c\u00e2ncer"},"content":{"rendered":"<div class=\"image-container\">\n<div class=\"midia-creditos\"><em>Bruno Spada\/C\u00e2mara dos Deputados<\/em><\/div>\n<div class=\"media-wrapper\"><\/div>\n<div class=\"midia-legenda\">Delegada Adriana Accorsi, autora da proposta<\/div>\n<\/div>\n<p>O Projeto de Lei 4752\/23 garante \u00e0s mulheres do campo, da floresta e das \u00e1guas e \u00e0s privadas de liberdade o acesso \u00e0s a\u00e7\u00f5es de sa\u00fade que assegurem a preven\u00e7\u00e3o e a detec\u00e7\u00e3o e ainda o tratamento dos c\u00e2nceres do colo uterino, de mama e colorretal no Sistema \u00danico de Sa\u00fade (SUS).<\/p>\n<p>Pelo texto, os servi\u00e7os de assist\u00eancia \u00e0 sa\u00fade dever\u00e3o oferecer a essas mulheres amplo trabalho informativo e educativo, de modo acess\u00edvel e de f\u00e1cil compreens\u00e3o, respeitando a linguagem e as caracter\u00edsticas socioculturais dos grupos de mulheres.<\/p>\n<p>A proposta \u00e9 da deputada Delegada Adriana Accorsi (PT-GO) e est\u00e1 em an\u00e1lise na C\u00e2mara dos Deputados. Segundo a parlamentar, a proposi\u00e7\u00e3o busca promover a igualdade entre as mulheres no acesso aos cuidados de sa\u00fade.<\/p>\n<p>\u201cAs mulheres privadas de liberdade, em raz\u00e3o do seu confinamento mandat\u00f3rio, n\u00e3o podem dirigir-se por conta pr\u00f3pria aos servi\u00e7os p\u00fablicos e privados de sa\u00fade, para se submeterem a a\u00e7\u00f5es de preven\u00e7\u00e3o e assist\u00eancia\u201d, observa. \u201cA popula\u00e7\u00e3o do campo, das florestas e das \u00e1guas tamb\u00e9m tem dificuldade de acessar esses servi\u00e7os por barreiras sociais, geogr\u00e1ficas e culturais.\u201d<\/p>\n<p>O texto inclui a medida na <a class=\"linkLegislacao\" href=\"https:\/\/www2.camara.gov.br\/legin\/fed\/lei\/2008\/lei-11664-29-abril-2008-574731-norma-pl.html\">Lei 11.664\/08<\/a>, que trata da efetiva\u00e7\u00e3o de a\u00e7\u00f5es de sa\u00fade que assegurem a preven\u00e7\u00e3o, a detec\u00e7\u00e3o, o tratamento e o seguimento dos c\u00e2nceres listados no SUS.<\/p>\n<p>A lei vigente j\u00e1 estabelece que, para as mulheres com dificuldade de acesso \u00e0s a\u00e7\u00f5es de sa\u00fade, em raz\u00e3o de barreiras sociais, geogr\u00e1ficas e culturais, ser\u00e3o desenvolvidas estrat\u00e9gias intersetoriais espec\u00edficas de busca ativa pelas redes de prote\u00e7\u00e3o social e de aten\u00e7\u00e3o b\u00e1sica \u00e0 sa\u00fade.<\/p>\n<p><strong>Tramita\u00e7\u00e3o<\/strong><br \/>\nO projeto tramita em <span class=\"termoGlossario\">car\u00e1ter conclusivo<\/span> e ser\u00e1 analisado pelas comiss\u00f5es de Defesa dos Direitos da Mulher; e de Sa\u00fade; e de Constitui\u00e7\u00e3o e Justi\u00e7a e de Cidadania.<\/p>\n<p><a href=\"https:\/\/www.camara.leg.br\/noticias\/573454-SAIBA-MAIS-SOBRE-A-TRAMITACAO-DE-PROJETOS-DE-LEI\">Saiba mais sobre a tramita\u00e7\u00e3o de projeto de lei<\/a><\/p>","protected":false},"excerpt":{"rendered":"<p>Bruno Spada\/C\u00e2mara dos Deputados Delegada Adriana Accorsi, autora da proposta O Projeto de Lei 4752\/23 garante \u00e0s mulheres do campo, da floresta e das \u00e1guas e \u00e0s privadas de liberdade o acesso \u00e0s a\u00e7\u00f5es de sa\u00fade que assegurem a preven\u00e7\u00e3o e a detec\u00e7\u00e3o e ainda o tratamento dos c\u00e2nceres do colo uterino, de mama e [&hellip;]<\/p>\n","protected":false},"author":0,"featured_media":0,"comment_status":"open","ping_status":"open","sticky":false,"template":"","format":"standard","meta":{"footnotes":""},"categories":[1],"tags":[],"_links":{"self":[{"href":"https:\/\/jeffersonisac.adv.br\/index.php\/wp-json\/wp\/v2\/posts\/4524"}],"collection":[{"href":"https:\/\/jeffersonisac.adv.br\/index.php\/wp-json\/wp\/v2\/posts"}],"about":[{"href":"https:\/\/jeffersonisac.adv.br\/index.php\/wp-json\/wp\/v2\/types\/post"}],"replies":[{"embeddable":true,"href":"https:\/\/jeffersonisac.adv.br\/index.php\/wp-json\/wp\/v2\/comments?post=4524"}],"version-history":[{"count":0,"href":"https:\/\/jeffersonisac.adv.br\/index.php\/wp-json\/wp\/v2\/posts\/4524\/revisions"}],"wp:attachment":[{"href":"https:\/\/jeffersonisac.adv.br\/index.php\/wp-json\/wp\/v2\/media?parent=4524"}],"wp:term":[{"taxonomy":"category","embeddable":true,"href":"https:\/\/jeffersonisac.adv.br\/index.php\/wp-json\/wp\/v2\/categories?post=4524"},{"taxonomy":"post_tag","embeddable":true,"href":"https:\/\/jeffersonisac.adv.br\/index.php\/wp-json\/wp\/v2\/tags?post=4524"}],"curies":[{"name":"wp","href":"https:\/\/api.w.org\/{rel}","templated":true}]}}