{"id":4526,"date":"2024-01-31T10:31:54","date_gmt":"2024-01-31T13:31:54","guid":{"rendered":"https:\/\/jeffersonisac.adv.br\/index.php\/2024\/01\/31\/projeto-permite-uso-do-nome-afetivo-de-crianca-ou-adolescente-antes-da-conclusao-da-adocao\/"},"modified":"2024-01-31T10:31:54","modified_gmt":"2024-01-31T13:31:54","slug":"projeto-permite-uso-do-nome-afetivo-de-crianca-ou-adolescente-antes-da-conclusao-da-adocao","status":"publish","type":"post","link":"https:\/\/jeffersonisac.adv.br\/index.php\/2024\/01\/31\/projeto-permite-uso-do-nome-afetivo-de-crianca-ou-adolescente-antes-da-conclusao-da-adocao\/","title":{"rendered":"Projeto permite uso do nome afetivo de crian\u00e7a ou adolescente antes da conclus\u00e3o da ado\u00e7\u00e3o"},"content":{"rendered":"<div class=\"image-container\">\n<div class=\"midia-creditos\"><em>Zeca Ribeiro \/ C\u00e2mara dos Deputados<\/em><\/div>\n<div class=\"media-wrapper\"><\/div>\n<div class=\"midia-legenda\">Laura Carneiro: projeto reconhece v\u00ednculo afetivo da crian\u00e7a com a nova fam\u00edlia<\/div>\n<\/div>\n<p>O Projeto de Lei 4602\/23 altera o <a href=\"https:\/\/www2.camara.leg.br\/legin\/fed\/lei\/1990\/lei-8069-13-julho-1990-372211-norma-pl.html\">Estatuto da Crian\u00e7a e do Adolescente<\/a> (ECA) para permitir o uso, em cadastros de escolas, de planos de sa\u00fade e em institui\u00e7\u00f5es de cultura e lazer, do nome afetivo de crian\u00e7as e adolescentes que estejam sob guarda provis\u00f3ria de uma fam\u00edlia. A proposta, da deputada Laura Carneiro (PSD-RJ), tramita na C\u00e2mara dos Deputados.<\/p>\n<p>Nome afetivo \u00e9 aquele pelo qual o adotando passar\u00e1 a ser conhecido ap\u00f3s a conclus\u00e3o do processo de ado\u00e7\u00e3o. Pode ser o sobrenome da nova fam\u00edlia ou mesmo outro nome pr\u00f3prio da crian\u00e7a ou do adolescente.<\/p>\n<p>De acordo com o projeto, em qualquer fase do processo de ado\u00e7\u00e3o, constatada a constitui\u00e7\u00e3o de v\u00ednculo afetivo suficiente entre adotantes e adotando, o juiz autorizar\u00e1 o uso formal do nome afetivo.<\/p>\n<p><strong>V\u00ednculo afetivo<\/strong><br \/>\nSegundo Lauro Carneiro, o texto assegura \u00e0 crian\u00e7a ou ao adolescente em processo de ado\u00e7\u00e3o o reconhecimento social do v\u00ednculo afetivo que j\u00e1 formou com a fam\u00edlia adotante, afastando \u201ca injusti\u00e7a da demora\u201d do processo de ado\u00e7\u00e3o.<\/p>\n<p>\u201cSe \u00e9 l\u00edcito ao juiz decretar liminarmente o afastamento da crian\u00e7a de seus pais biol\u00f3gicos e coloc\u00e1-la em guarda para ado\u00e7\u00e3o, por que n\u00e3o autorizar o uso do nome afetivo?\u201d, questiona a deputada. \u201cO projeto retira dos ombros do adotando o peso de carregar o sobrenome de pessoas que o abandonaram, violentaram ou abusaram.\u201d<\/p>\n<p><strong>Tramita\u00e7\u00e3o<\/strong><br \/>\nA proposta tramita em <span class=\"termoGlossario\">car\u00e1ter conclusivo<\/span> e ser\u00e1 analisada pelas comiss\u00f5es de Previd\u00eancia, Assist\u00eancia Social, Inf\u00e2ncia, Adolesc\u00eancia e Fam\u00edlia; e de Constitui\u00e7\u00e3o e Justi\u00e7a e de Cidadania.<\/p>\n<p><a href=\"https:\/\/www.camara.leg.br\/noticias\/573454-SAIBA-MAIS-SOBRE-A-TRAMITACAO-DE-PROJETOS-DE-LEI\">Saiba mais sobre a tramita\u00e7\u00e3o de projetos de lei<\/a><\/p>","protected":false},"excerpt":{"rendered":"<p>Zeca Ribeiro \/ C\u00e2mara dos Deputados Laura Carneiro: projeto reconhece v\u00ednculo afetivo da crian\u00e7a com a nova fam\u00edlia O Projeto de Lei 4602\/23 altera o Estatuto da Crian\u00e7a e do Adolescente (ECA) para permitir o uso, em cadastros de escolas, de planos de sa\u00fade e em institui\u00e7\u00f5es de cultura e lazer, do nome afetivo de [&hellip;]<\/p>\n","protected":false},"author":0,"featured_media":0,"comment_status":"open","ping_status":"open","sticky":false,"template":"","format":"standard","meta":{"footnotes":""},"categories":[1],"tags":[],"_links":{"self":[{"href":"https:\/\/jeffersonisac.adv.br\/index.php\/wp-json\/wp\/v2\/posts\/4526"}],"collection":[{"href":"https:\/\/jeffersonisac.adv.br\/index.php\/wp-json\/wp\/v2\/posts"}],"about":[{"href":"https:\/\/jeffersonisac.adv.br\/index.php\/wp-json\/wp\/v2\/types\/post"}],"replies":[{"embeddable":true,"href":"https:\/\/jeffersonisac.adv.br\/index.php\/wp-json\/wp\/v2\/comments?post=4526"}],"version-history":[{"count":0,"href":"https:\/\/jeffersonisac.adv.br\/index.php\/wp-json\/wp\/v2\/posts\/4526\/revisions"}],"wp:attachment":[{"href":"https:\/\/jeffersonisac.adv.br\/index.php\/wp-json\/wp\/v2\/media?parent=4526"}],"wp:term":[{"taxonomy":"category","embeddable":true,"href":"https:\/\/jeffersonisac.adv.br\/index.php\/wp-json\/wp\/v2\/categories?post=4526"},{"taxonomy":"post_tag","embeddable":true,"href":"https:\/\/jeffersonisac.adv.br\/index.php\/wp-json\/wp\/v2\/tags?post=4526"}],"curies":[{"name":"wp","href":"https:\/\/api.w.org\/{rel}","templated":true}]}}