{"id":4530,"date":"2024-01-31T12:02:43","date_gmt":"2024-01-31T15:02:43","guid":{"rendered":"https:\/\/jeffersonisac.adv.br\/index.php\/2024\/01\/31\/projeto-proibe-uso-de-mercurio-em-procedimentos-odontologicos\/"},"modified":"2024-01-31T12:02:43","modified_gmt":"2024-01-31T15:02:43","slug":"projeto-proibe-uso-de-mercurio-em-procedimentos-odontologicos","status":"publish","type":"post","link":"https:\/\/jeffersonisac.adv.br\/index.php\/2024\/01\/31\/projeto-proibe-uso-de-mercurio-em-procedimentos-odontologicos\/","title":{"rendered":"Projeto pro\u00edbe uso de merc\u00fario em procedimentos odontol\u00f3gicos"},"content":{"rendered":"<div class=\"image-container\">\n<div class=\"midia-creditos\"><em>Zeca Ribeiro\/C\u00e2mara dos Deputados<\/em><\/div>\n<div class=\"media-wrapper\"><\/div>\n<div class=\"midia-legenda\">O autor da proposta, deputado Marx Beltr\u00e3o<\/div>\n<\/div>\n<p>O Projeto de Lei 5482\/23 pro\u00edbe o uso de ligas de merc\u00fario em procedimentos odontol\u00f3gicos no Pa\u00eds. O texto tramita na C\u00e2mara dos Deputados.<\/p>\n<p>De acordo com a proposta, a proibi\u00e7\u00e3o come\u00e7a a valer logo ap\u00f3s a publica\u00e7\u00e3o da nova lei para:<\/p>\n<p>mulheres gestantes, lactantes ou em idade reprodutiva;<br \/>\ncrian\u00e7as e adolescentes menores de 14 anos de idade;<br \/>\npessoas com doen\u00e7as neurol\u00f3gicas ou renais; e<br \/>\npessoas com antecedentes de exposi\u00e7\u00e3o prolongada ao merc\u00fario.<\/p>\n<p>J\u00e1 as am\u00e1lgamas (ligas) de merc\u00fario na forma capsulada ainda poder\u00e3o ser utilizadas, nos demais casos, por um ano. Passado esse per\u00edodo, a proibi\u00e7\u00e3o valer\u00e1 para qualquer procedimento odontol\u00f3gico.<\/p>\n<p><strong>Plano de redu\u00e7\u00e3o de uso<\/strong><br \/>\nO projeto obriga os dentistas que utilizam am\u00e1lgamas de merc\u00fario a elaborar, no prazo de 90 dias, um plano de redu\u00e7\u00e3o gradativa do uso de am\u00e1lgamas dent\u00e1rios.<\/p>\n<p>O plano dever\u00e1 prever um cronograma para substituir a subst\u00e2ncia, que dever\u00e1 ser recolhida, acondicionada em recipientes pr\u00f3prios e encaminhada para tratamento adequado.<\/p>\n<p><strong>Proibi\u00e7\u00e3o em outros pa\u00edses<\/strong><br \/>\nAutor do projeto, o deputado Marx Beltr\u00e3o (PP-AL) argumenta que a Uni\u00e3o Europeia j\u00e1 proibiu o uso de am\u00e1lgama de merc\u00fario em crian\u00e7as, mulheres gr\u00e1vidas e pessoas com condi\u00e7\u00f5es m\u00e9dicas espec\u00edficas pr\u00e9-existentes.<\/p>\n<p>\u201cVale ressaltar que no Brasil, desde 2019, est\u00e1 vedado o uso de merc\u00fario na liga de am\u00e1lgama na forma n\u00e3o encapsulada&#8221;, afirma Beltr\u00e3o. &#8220;A Ag\u00eancia Nacional de Vigil\u00e2ncia Sanit\u00e1ria (Anvisa) j\u00e1 pro\u00edbe a fabrica\u00e7\u00e3o, a importa\u00e7\u00e3o, a comercializa\u00e7\u00e3o e a utiliza\u00e7\u00e3o de merc\u00fario e do p\u00f3 para liga de am\u00e1lgama sem encapsulamento&#8221;, detalha o deputado.<\/p>\n<p><strong>Tramita\u00e7\u00e3o<\/strong><br \/>\nA proposta ser\u00e1 analisada, em <span class=\"termoGlossario\">car\u00e1ter conclusivo<\/span>, pelas comiss\u00f5es de Meio Ambiente e Desenvolvimento Sustent\u00e1vel; de Sa\u00fade; e de Constitui\u00e7\u00e3o e Justi\u00e7a e de Cidadania.<\/p>\n<p><a href=\"https:\/\/www.camara.leg.br\/noticias\/573454-SAIBA-MAIS-SOBRE-A-TRAMITACAO-DE-PROJETOS-DE-LEI\">Saiba mais sobre a tramita\u00e7\u00e3o de projetos de lei<\/a><\/p>","protected":false},"excerpt":{"rendered":"<p>Zeca Ribeiro\/C\u00e2mara dos Deputados O autor da proposta, deputado Marx Beltr\u00e3o O Projeto de Lei 5482\/23 pro\u00edbe o uso de ligas de merc\u00fario em procedimentos odontol\u00f3gicos no Pa\u00eds. O texto tramita na C\u00e2mara dos Deputados. De acordo com a proposta, a proibi\u00e7\u00e3o come\u00e7a a valer logo ap\u00f3s a publica\u00e7\u00e3o da nova lei para: mulheres gestantes, [&hellip;]<\/p>\n","protected":false},"author":0,"featured_media":0,"comment_status":"open","ping_status":"open","sticky":false,"template":"","format":"standard","meta":{"footnotes":""},"categories":[1],"tags":[],"_links":{"self":[{"href":"https:\/\/jeffersonisac.adv.br\/index.php\/wp-json\/wp\/v2\/posts\/4530"}],"collection":[{"href":"https:\/\/jeffersonisac.adv.br\/index.php\/wp-json\/wp\/v2\/posts"}],"about":[{"href":"https:\/\/jeffersonisac.adv.br\/index.php\/wp-json\/wp\/v2\/types\/post"}],"replies":[{"embeddable":true,"href":"https:\/\/jeffersonisac.adv.br\/index.php\/wp-json\/wp\/v2\/comments?post=4530"}],"version-history":[{"count":0,"href":"https:\/\/jeffersonisac.adv.br\/index.php\/wp-json\/wp\/v2\/posts\/4530\/revisions"}],"wp:attachment":[{"href":"https:\/\/jeffersonisac.adv.br\/index.php\/wp-json\/wp\/v2\/media?parent=4530"}],"wp:term":[{"taxonomy":"category","embeddable":true,"href":"https:\/\/jeffersonisac.adv.br\/index.php\/wp-json\/wp\/v2\/categories?post=4530"},{"taxonomy":"post_tag","embeddable":true,"href":"https:\/\/jeffersonisac.adv.br\/index.php\/wp-json\/wp\/v2\/tags?post=4530"}],"curies":[{"name":"wp","href":"https:\/\/api.w.org\/{rel}","templated":true}]}}