{"id":4642,"date":"2024-02-09T21:12:29","date_gmt":"2024-02-10T00:12:29","guid":{"rendered":"https:\/\/jeffersonisac.adv.br\/index.php\/2024\/02\/09\/projeto-de-lei-preve-isencao-de-taxas-de-orgaos-reguladores-para-a-embrapa\/"},"modified":"2024-02-09T21:12:29","modified_gmt":"2024-02-10T00:12:29","slug":"projeto-de-lei-preve-isencao-de-taxas-de-orgaos-reguladores-para-a-embrapa","status":"publish","type":"post","link":"https:\/\/jeffersonisac.adv.br\/index.php\/2024\/02\/09\/projeto-de-lei-preve-isencao-de-taxas-de-orgaos-reguladores-para-a-embrapa\/","title":{"rendered":"Projeto de lei prev\u00ea isen\u00e7\u00e3o de taxas de \u00f3rg\u00e3os reguladores para a Embrapa"},"content":{"rendered":"<div class=\"image-container\">\n<div class=\"midia-creditos\"><em>Divulga\u00e7\u00e3o\/Embrapa<\/em><\/div>\n<div class=\"media-wrapper\"><\/div>\n<div class=\"midia-legenda\">Sede da Embrapa<\/div>\n<\/div>\n<p>O Projeto de Lei 2694\/21, j\u00e1 aprovado pelo Senado, isenta a Empresa Brasileira de Pesquisa Agropecu\u00e1ria (Embrapa) das taxas e contribui\u00e7\u00f5es cobradas pelos \u00f3rg\u00e3os reguladores para o registro de pesquisas, tecnologias e produtos.<\/p>\n<p>Pelo texto, agora em an\u00e1lise na C\u00e2mara dos Deputados, a Embrapa ficar\u00e1 isenta por prazo indeterminado de cobran\u00e7as feitas pelos seguintes \u00f3rg\u00e3os:<\/p>\n<p>Servi\u00e7o Nacional de Prote\u00e7\u00e3o de Cultivares, do Minist\u00e9rio da Agricultura;<br \/>\nInstituto Nacional de Propriedade Industrial (INPI);<br \/>\nInstituto Brasileiro do Meio Ambiente e dos Recursos Renov\u00e1veis (Ibama); e<br \/>\nAg\u00eancia Nacional de Vigil\u00e2ncia Sanit\u00e1ria (Anvisa).<\/p>\n<p>Segundo o senador Pl\u00ednio Val\u00e9rio (PSDB-AM), autor da proposta, a Embrapa hoje enfrenta dificuldades que chegam a impossibilitar a quita\u00e7\u00e3o, junto ao INPI, de contribui\u00e7\u00f5es para emitir e proteger as patentes de alguns produtos.<\/p>\n<p><strong>Tramita\u00e7\u00e3o<\/strong><br \/>\nO projeto tramita em <span class=\"termoGlossario\">car\u00e1ter conclusivo<\/span> e ser\u00e1 analisado pelas comiss\u00f5es de Agricultura, Pecu\u00e1ria, Abastecimento e Desenvolvimento Rural; de Finan\u00e7as e Tributa\u00e7\u00e3o; e de Constitui\u00e7\u00e3o e Justi\u00e7a e de Cidadania.<\/p>\n<p><a href=\"https:\/\/www.camara.leg.br\/noticias\/573454-SAIBA-MAIS-SOBRE-A-TRAMITACAO-DE-PROJETOS-DE-LEI\">Saiba mais sobre a tramita\u00e7\u00e3o de projetos de lei<\/a><\/p>","protected":false},"excerpt":{"rendered":"<p>Divulga\u00e7\u00e3o\/Embrapa Sede da Embrapa O Projeto de Lei 2694\/21, j\u00e1 aprovado pelo Senado, isenta a Empresa Brasileira de Pesquisa Agropecu\u00e1ria (Embrapa) das taxas e contribui\u00e7\u00f5es cobradas pelos \u00f3rg\u00e3os reguladores para o registro de pesquisas, tecnologias e produtos. Pelo texto, agora em an\u00e1lise na C\u00e2mara dos Deputados, a Embrapa ficar\u00e1 isenta por prazo indeterminado de cobran\u00e7as [&hellip;]<\/p>\n","protected":false},"author":0,"featured_media":0,"comment_status":"open","ping_status":"open","sticky":false,"template":"","format":"standard","meta":{"footnotes":""},"categories":[1],"tags":[],"_links":{"self":[{"href":"https:\/\/jeffersonisac.adv.br\/index.php\/wp-json\/wp\/v2\/posts\/4642"}],"collection":[{"href":"https:\/\/jeffersonisac.adv.br\/index.php\/wp-json\/wp\/v2\/posts"}],"about":[{"href":"https:\/\/jeffersonisac.adv.br\/index.php\/wp-json\/wp\/v2\/types\/post"}],"replies":[{"embeddable":true,"href":"https:\/\/jeffersonisac.adv.br\/index.php\/wp-json\/wp\/v2\/comments?post=4642"}],"version-history":[{"count":0,"href":"https:\/\/jeffersonisac.adv.br\/index.php\/wp-json\/wp\/v2\/posts\/4642\/revisions"}],"wp:attachment":[{"href":"https:\/\/jeffersonisac.adv.br\/index.php\/wp-json\/wp\/v2\/media?parent=4642"}],"wp:term":[{"taxonomy":"category","embeddable":true,"href":"https:\/\/jeffersonisac.adv.br\/index.php\/wp-json\/wp\/v2\/categories?post=4642"},{"taxonomy":"post_tag","embeddable":true,"href":"https:\/\/jeffersonisac.adv.br\/index.php\/wp-json\/wp\/v2\/tags?post=4642"}],"curies":[{"name":"wp","href":"https:\/\/api.w.org\/{rel}","templated":true}]}}