{"id":4656,"date":"2024-02-15T13:23:24","date_gmt":"2024-02-15T16:23:24","guid":{"rendered":"https:\/\/jeffersonisac.adv.br\/index.php\/2024\/02\/15\/projeto-permite-que-empresas-optem-pelo-simples-nacional-em-janeiro-e-em-julho\/"},"modified":"2024-02-15T13:23:24","modified_gmt":"2024-02-15T16:23:24","slug":"projeto-permite-que-empresas-optem-pelo-simples-nacional-em-janeiro-e-em-julho","status":"publish","type":"post","link":"https:\/\/jeffersonisac.adv.br\/index.php\/2024\/02\/15\/projeto-permite-que-empresas-optem-pelo-simples-nacional-em-janeiro-e-em-julho\/","title":{"rendered":"Projeto permite que empresas optem pelo Simples Nacional em janeiro e em julho"},"content":{"rendered":"<div class=\"image-container\">\n<div class=\"midia-creditos\"><em>Foto: Ari Dias\/AEN<\/em><\/div>\n<div class=\"media-wrapper\"><\/div>\n<div class=\"midia-legenda\">Atualmente, a op\u00e7\u00e3o pelo Simples Nacional deve ser feita em janeiro<\/div>\n<\/div>\n<p>O Projeto de Lei Complementar (PLP) 228\/23 permite que o empres\u00e1rio possa optar pelo <span class=\"termoGlossario\">Simples Nacional<\/span> nos meses de janeiro e de julho de cada ano. O texto, em an\u00e1lise na C\u00e2mara dos Deputados, altera o <a href=\"https:\/\/www2.camara.leg.br\/legin\/fed\/leicom\/2006\/leicomplementar-123-14-dezembro-2006-548099-norma-pl.html\">Estatuto da Micro e Pequena Empresa<\/a>.<\/p>\n<p>A iniciativa foi apresentada pela Comiss\u00e3o de Legisla\u00e7\u00e3o Participativa (<span class=\"termoGlossario\">CLP<\/span>), que aprovou uma sugest\u00e3o do Sindicato da Micro e Pequena Ind\u00fastria do Estado de S\u00e3o Paulo. Atualmente, a op\u00e7\u00e3o pelo Simples Nacional s\u00f3 pode ser feita em janeiro.<\/p>\n<p>\u201cA possibilidade de a ades\u00e3o ao Simples Nacional ocorrer em outro momento al\u00e9m de janeiro \u00e9 objeto de atual e ativa discuss\u00e3o\u201d, lembrou o relator na CLP, deputado Aureo Ribeiro (Solidariedade-RJ).<\/p>\n<p>O Simples Nacional \u00e9 um regime tribut\u00e1rio diferenciado para micro e pequenas empresas. Consiste na apura\u00e7\u00e3o unificada de tributos, com al\u00edquota vari\u00e1vel de 4,0% a 17,42% sobre a receita bruta e conforme a atividade e o faturamento.<\/p>\n<p><strong>Tramita\u00e7\u00e3o<\/strong><br \/>\nO projeto ser\u00e1 analisado pelas comiss\u00f5es de Ind\u00fastria, Com\u00e9rcio e Servi\u00e7os; de Finan\u00e7as e Tributa\u00e7\u00e3o; e de Constitui\u00e7\u00e3o e Justi\u00e7a e de Cidadania. Depois seguir\u00e1 para o Plen\u00e1rio.<\/p>\n<p><a href=\"https:\/\/www.camara.leg.br\/noticias\/606442-conheca-a-tramitacao-de-projetos-de-lei-complementar\/\">Conhe\u00e7a a tramita\u00e7\u00e3o de projetos de lei complementar<\/a><\/p>","protected":false},"excerpt":{"rendered":"<p>Foto: Ari Dias\/AEN Atualmente, a op\u00e7\u00e3o pelo Simples Nacional deve ser feita em janeiro O Projeto de Lei Complementar (PLP) 228\/23 permite que o empres\u00e1rio possa optar pelo Simples Nacional nos meses de janeiro e de julho de cada ano. O texto, em an\u00e1lise na C\u00e2mara dos Deputados, altera o Estatuto da Micro e Pequena [&hellip;]<\/p>\n","protected":false},"author":0,"featured_media":0,"comment_status":"open","ping_status":"open","sticky":false,"template":"","format":"standard","meta":{"footnotes":""},"categories":[1],"tags":[],"_links":{"self":[{"href":"https:\/\/jeffersonisac.adv.br\/index.php\/wp-json\/wp\/v2\/posts\/4656"}],"collection":[{"href":"https:\/\/jeffersonisac.adv.br\/index.php\/wp-json\/wp\/v2\/posts"}],"about":[{"href":"https:\/\/jeffersonisac.adv.br\/index.php\/wp-json\/wp\/v2\/types\/post"}],"replies":[{"embeddable":true,"href":"https:\/\/jeffersonisac.adv.br\/index.php\/wp-json\/wp\/v2\/comments?post=4656"}],"version-history":[{"count":0,"href":"https:\/\/jeffersonisac.adv.br\/index.php\/wp-json\/wp\/v2\/posts\/4656\/revisions"}],"wp:attachment":[{"href":"https:\/\/jeffersonisac.adv.br\/index.php\/wp-json\/wp\/v2\/media?parent=4656"}],"wp:term":[{"taxonomy":"category","embeddable":true,"href":"https:\/\/jeffersonisac.adv.br\/index.php\/wp-json\/wp\/v2\/categories?post=4656"},{"taxonomy":"post_tag","embeddable":true,"href":"https:\/\/jeffersonisac.adv.br\/index.php\/wp-json\/wp\/v2\/tags?post=4656"}],"curies":[{"name":"wp","href":"https:\/\/api.w.org\/{rel}","templated":true}]}}