{"id":4660,"date":"2024-02-15T16:40:05","date_gmt":"2024-02-15T19:40:05","guid":{"rendered":"https:\/\/jeffersonisac.adv.br\/index.php\/2024\/02\/15\/projeto-obriga-empresas-aereas-a-instalar-cameras-para-monitorar-interior-das-aeronaves\/"},"modified":"2024-02-15T16:40:05","modified_gmt":"2024-02-15T19:40:05","slug":"projeto-obriga-empresas-aereas-a-instalar-cameras-para-monitorar-interior-das-aeronaves","status":"publish","type":"post","link":"https:\/\/jeffersonisac.adv.br\/index.php\/2024\/02\/15\/projeto-obriga-empresas-aereas-a-instalar-cameras-para-monitorar-interior-das-aeronaves\/","title":{"rendered":"Projeto obriga empresas a\u00e9reas a instalar c\u00e2meras para monitorar interior das aeronaves"},"content":{"rendered":"<div class=\"image-container\">\n<div class=\"midia-creditos\"><em>Zeca Ribeiro\/C\u00e2mara dos Deputados<\/em><\/div>\n<div class=\"media-wrapper\"><\/div>\n<div class=\"midia-legenda\">Pastor Sargento Isid\u00f3rio diz que casos de agress\u00f5es nos avi\u00f5es est\u00e3o aumentando<\/div>\n<\/div>\n<p>O Projeto de Lei 6222\/23 torna obrigat\u00f3ria a instala\u00e7\u00e3o de c\u00e2meras de seguran\u00e7a em aeronaves de companhias a\u00e9reas que realizam voos dom\u00e9sticos no Brasil. A C\u00e2mara dos Deputados analisa a proposta.<\/p>\n<p>Pelo texto, as c\u00e2meras de seguran\u00e7a devem monitorar todos os compartimentos internos da aeronave, com exce\u00e7\u00e3o dos banheiros. O conte\u00fado gravado s\u00f3 poder\u00e1 ser acessado por pessoal autorizado e em caso de investiga\u00e7\u00e3o ligada \u00e0 seguran\u00e7a a\u00e9rea, sendo proibido divulgar ou utilizar as imagens para outras finalidades, exceto com autoriza\u00e7\u00e3o judicial.<\/p>\n<p>Autor da proposta, o deputado Pastor Sargento Isid\u00f3rio (Avante-BA) argumenta que vem aumentando o n\u00famero de casos de agress\u00f5es verbais e f\u00edsicas no interior das aeronaves, al\u00e9m de situa\u00e7\u00f5es envolvendo abuso, importuna\u00e7\u00e3o sexual e pedofilia durante voos.<\/p>\n<p>\u201cO uso de c\u00e2meras de seguran\u00e7a a bordo confere \u00e0s autoridades meios efetivos para investigar e resolver poss\u00edveis incidentes, contribuindo para a preven\u00e7\u00e3o de atividades il\u00edcitas, a\u00e7\u00f5es de vandalismo ou comportamentos que possam comprometer a seguran\u00e7a operacional\u201d, diz o autor.<\/p>\n<p><strong>Tramita\u00e7\u00e3o<\/strong><br \/>\nO projeto ser\u00e1 analisado, em <span class=\"termoGlossario\">car\u00e1ter conclusivo<\/span>, pelas comiss\u00f5es de Seguran\u00e7a P\u00fablica e Combate ao Crime Organizado; de Via\u00e7\u00e3o e Transportes; e de Constitui\u00e7\u00e3o e Justi\u00e7a e de Cidadania.<\/p>\n<p><a href=\"https:\/\/www.camara.leg.br\/noticias\/573454-SAIBA-MAIS-SOBRE-A-TRAMITACAO-DE-PROJETOS-DE-LEI\">Saiba mais sobre a tramita\u00e7\u00e3o de projetos de lei<\/a><\/p>","protected":false},"excerpt":{"rendered":"<p>Zeca Ribeiro\/C\u00e2mara dos Deputados Pastor Sargento Isid\u00f3rio diz que casos de agress\u00f5es nos avi\u00f5es est\u00e3o aumentando O Projeto de Lei 6222\/23 torna obrigat\u00f3ria a instala\u00e7\u00e3o de c\u00e2meras de seguran\u00e7a em aeronaves de companhias a\u00e9reas que realizam voos dom\u00e9sticos no Brasil. A C\u00e2mara dos Deputados analisa a proposta. Pelo texto, as c\u00e2meras de seguran\u00e7a devem monitorar [&hellip;]<\/p>\n","protected":false},"author":0,"featured_media":0,"comment_status":"open","ping_status":"open","sticky":false,"template":"","format":"standard","meta":{"footnotes":""},"categories":[1],"tags":[],"_links":{"self":[{"href":"https:\/\/jeffersonisac.adv.br\/index.php\/wp-json\/wp\/v2\/posts\/4660"}],"collection":[{"href":"https:\/\/jeffersonisac.adv.br\/index.php\/wp-json\/wp\/v2\/posts"}],"about":[{"href":"https:\/\/jeffersonisac.adv.br\/index.php\/wp-json\/wp\/v2\/types\/post"}],"replies":[{"embeddable":true,"href":"https:\/\/jeffersonisac.adv.br\/index.php\/wp-json\/wp\/v2\/comments?post=4660"}],"version-history":[{"count":0,"href":"https:\/\/jeffersonisac.adv.br\/index.php\/wp-json\/wp\/v2\/posts\/4660\/revisions"}],"wp:attachment":[{"href":"https:\/\/jeffersonisac.adv.br\/index.php\/wp-json\/wp\/v2\/media?parent=4660"}],"wp:term":[{"taxonomy":"category","embeddable":true,"href":"https:\/\/jeffersonisac.adv.br\/index.php\/wp-json\/wp\/v2\/categories?post=4660"},{"taxonomy":"post_tag","embeddable":true,"href":"https:\/\/jeffersonisac.adv.br\/index.php\/wp-json\/wp\/v2\/tags?post=4660"}],"curies":[{"name":"wp","href":"https:\/\/api.w.org\/{rel}","templated":true}]}}