{"id":4711,"date":"2024-02-20T20:38:24","date_gmt":"2024-02-20T23:38:24","guid":{"rendered":"https:\/\/jeffersonisac.adv.br\/index.php\/2024\/02\/20\/fala-do-presidente-lula-sobre-acao-de-israel-na-faixa-de-gaza-repercute-no-plenario-da-camara\/"},"modified":"2024-02-20T20:38:24","modified_gmt":"2024-02-20T23:38:24","slug":"fala-do-presidente-lula-sobre-acao-de-israel-na-faixa-de-gaza-repercute-no-plenario-da-camara","status":"publish","type":"post","link":"https:\/\/jeffersonisac.adv.br\/index.php\/2024\/02\/20\/fala-do-presidente-lula-sobre-acao-de-israel-na-faixa-de-gaza-repercute-no-plenario-da-camara\/","title":{"rendered":"Fala do presidente Lula sobre a\u00e7\u00e3o de Israel na Faixa de Gaza repercute no Plen\u00e1rio da C\u00e2mara"},"content":{"rendered":"<div class=\"image-container\">\n<div class=\"midia-creditos\"><em>Zeca Ribeiro\/C\u00e2mara dos Deputados<\/em><\/div>\n<div class=\"media-wrapper\"><\/div>\n<div class=\"midia-legenda\">Declara\u00e7\u00f5es de Lula sobre conflito na Faixa de Gaza dominaram debates no Plen\u00e1rio<\/div>\n<\/div>\n<p>Deputados da oposi\u00e7\u00e3o criticaram a fala do presidente Lula em que comparou a a\u00e7\u00e3o de Israel na Faixa de Gaza ao exterm\u00ednio de judeus pelos nazistas no s\u00e9culo passado. Parlamentares governistas defenderam o discurso e criticaram a a\u00e7\u00e3o do governo israelense contra o povo palestino.<\/p>\n<p>A l\u00edder da <span class=\"termoGlossario\">Minoria<\/span>, deputada Bia Kicis (PL-DF), disse que poder\u00e1 haver retalia\u00e7\u00e3o israelense em diferentes \u00e2mbitos como repercuss\u00e3o do discurso do presidente. \u201cA crise aberta pelo palpite infeliz de Lula muito provavelmente acarretar\u00e1 preju\u00edzos para o desenvolvimento cient\u00edfico, tecnol\u00f3gico, a seguran\u00e7a e a defesa nacionais\u201d, disse, ao citar a computa\u00e7\u00e3o dos ca\u00e7as suecos Gripen, adquiridos pelo governo brasileiro.<\/p>\n<p>Para o deputado Coronel Assis (Uni\u00e3o-MT), a compara\u00e7\u00e3o de Lula mostra sua incapacidade de compreender a hist\u00f3ria mundial. \u201cO maior mandat\u00e1rio do Pa\u00eds n\u00e3o passa de um trapalh\u00e3o diplom\u00e1tico. A diplomacia brasileira est\u00e1 indo pro ralo\u201d, disse.<\/p>\n<p>Segundo o deputado Luiz Lima (PL-RJ), a fala de Lula foi infeliz e p\u00f5e em risco a rela\u00e7\u00e3o de Brasil com Israel. Ele afirmou que a popula\u00e7\u00e3o judaica, em todo mundo, n\u00e3o igualou o n\u00famero de 16 milh\u00f5es de judeus em 1939. \u201cA gente teve uma queda no n\u00famero de judeus no mundo que at\u00e9 hoje n\u00e3o foi recuperada.\u201d<\/p>\n<p>A deputada Jandira Feghali (PCdoB-RJ) defendeu o discurso de Lula que foi, segundo ela, uma cr\u00edtica \u00e0 a\u00e7\u00e3o do governo israelense e n\u00e3o ao povo judeu. &#8220;O presidente Lula fala de Hitler \u2014 nem a palavra holocausto ele usou \u2014 ele, na verdade, repudia o genoc\u00eddio que foi feito contra o povo judeu no per\u00edodo do nazifascismo na Segunda Guerra Mundial\u201d, afirmou. Para Feghali, s\u00f3 quem n\u00e3o v\u00ea o que est\u00e1 acontecendo na Palestina considera que n\u00e3o h\u00e1 genoc\u00eddio. \u201cN\u00e3o s\u00e3o soldados contra soldados, \u00e9 um ex\u00e9rcito contra mulheres e crian\u00e7as e um povo desarmado.\u201d<\/p>\n<p>As cr\u00edticas dos deputados de oposi\u00e7\u00e3o, para o deputado Padre Jo\u00e3o (PT-MG), mostram indiferen\u00e7a ao exterm\u00ednio de milhares de palestinos ao longo do conflito. \u201cO Lula se agiganta como lideran\u00e7a internacional. S\u00e3o mais de 160 pa\u00edses que pediram o cessar-fogo depois da fala do Lula.\u201d<\/p>\n<div class=\"image-container\">\n<div class=\"midia-creditos\"><em>Zeca Ribeiro\/C\u00e2mara dos Deputados<\/em><\/div>\n<div class=\"media-wrapper\"><\/div>\n<div class=\"midia-legenda\">Padre Jo\u00e3o: mais de 160 pa\u00edses pediram cessar-fogo depois da fala de Lula<\/div>\n<\/div>\n<p>O deputado Rog\u00e9rio Correia (PT-MG) fez coro \u00e0 defesa do presidente Lula. \u201cN\u00e3o mandar parar um genoc\u00eddio, uma carnificina na Palestina \u00e9 n\u00e3o ter nada na consci\u00eancia. Dez mil crian\u00e7as mortas e fingem que n\u00e3o veem\u201d, disse.<\/p>\n<p>O deputado Chico Alencar (Psol-RJ) reconheceu que Lula fez uma compara\u00e7\u00e3o que \u00e9 sempre arriscada em qualquer genoc\u00eddio. Ele defendeu, por\u00e9m, a fala para criticar o que est\u00e1 acontecendo em Gaza \u201cque \u00e9 sim uma covardia, um genoc\u00eddio, uma rea\u00e7\u00e3o absolutamente desproporcional ao ato aterrorizante do Hamas\u201d.<\/p>\n<p>De acordo com a bancada governista, as cr\u00edticas da oposi\u00e7\u00e3o s\u00e3o, na verdade, uma \u201ccortina de fuma\u00e7a\u201d para tirar o foco as investiga\u00e7\u00f5es sobre os ataques do 8 de janeiro e as tentativas de deslegitimar o resultado das elei\u00e7\u00f5es de 2022.<\/p>\n<p><strong>Pol\u00eamica<\/strong><br \/>\nO presidente Lula classificou como &#8220;genoc\u00eddio&#8221; e &#8220;chacina&#8221; a a\u00e7\u00e3o de Israel na Faixa de Gaza em resposta aos ataques terroristas promovidos pelo Hamas. Ele comparou a a\u00e7\u00e3o israelense ao exterm\u00ednio de milh\u00f5es de judeus pelos nazistas chefiados por Adolf Hitler durante a segunda guerra mundial. Lula falou em entrevista durante a 37\u00aa C\u00fapula da Uni\u00e3o Africana em Adis Abeba, na Eti\u00f3pia.<\/p>\n<p>&#8220;O que est\u00e1 acontecendo na Faixa de Gaza e com o povo palestino n\u00e3o existe em nenhum outro momento hist\u00f3rico. Ali\u00e1s, existiu: quando o Hitler resolveu matar os judeus&#8221;, disse, no domingo. O primeiro-ministro, Benjamin Netanyahu, disse que a fala \u00e9 \u201cvergonhosa\u201d e que Lula \u201ccruzou uma linha vermelha\u201d.<\/p>\n<p>Depois das declara\u00e7\u00f5es, o governo israelense declarou Lula como persona non grata, ou seja, o presidente brasileiro n\u00e3o \u00e9 mais bem-vindo em Israel. Em resposta, o governo brasileiro mandou seu embaixador em Israel voltar para o Brasil.<\/p>\n<p>O ataque do grupo Hamas em outubro de 2023 deixou cerca de 1.200 mortos, a maioria de civis. Outras 250 pessoas fora sequestradas e algumas permanecem ref\u00e9ns. A ofensiva militar israelense em Gaza em resposta aos ataques terroristas deixou pelo menos 29 mil mortos, a maioria mulheres, adolescentes e crian\u00e7as, segundo o Minist\u00e9rio da Sa\u00fade do territ\u00f3rio, controlado pelo Hamas.<\/p>\n<div class=\"image-container\">\n<div class=\"media-wrapper\"><\/div>\n<div class=\"midia-legenda\">Cabo Gilberto Silva defendeu o impeachment do presidente por sua declara\u00e7\u00e3o<\/div>\n<\/div>\n<p><strong>Impeachment<\/strong><br \/>\nEm meio \u00e0s cr\u00edticas \u00e0 fala de Lula, deputados de oposi\u00e7\u00e3o comemoraram mais de 120 assinaturas pedindo <span class=\"termoGlossario\">impeachment<\/span> do presidente por suas declara\u00e7\u00f5es sobre o conflito IsraelxHamas.<\/p>\n<p>O deputado Cabo Gilberto Silva (PL-PB), vice-l\u00edder da oposi\u00e7\u00e3o, defendeu o impeachment do presidente por sua declara\u00e7\u00e3o do fim de semana. &#8220;N\u00e3o era de se espantar que os seus aliados viessem a esta Casa, ao Parlamento brasileiro, que tem hist\u00f3ria, para defender o indefens\u00e1vel&#8221;, disse.<\/p>\n<p>Para o deputado Sargento Gon\u00e7alves (PL-RN), a fala de Lula configurou um crime de responsabilidade previsto na <a class=\"linkLegislacao\" href=\"https:\/\/www2.camara.gov.br\/legin\/fed\/lei\/1950-1959\/lei-1079-10-abril-1950-363423-norma-pl.html\">Lei 1.079\/50<\/a>. \u201cQuem Lula quer agradar apoiando um grupo terrorista e atacando uma na\u00e7\u00e3o amiga?\u201d<\/p>","protected":false},"excerpt":{"rendered":"<p>Zeca Ribeiro\/C\u00e2mara dos Deputados Declara\u00e7\u00f5es de Lula sobre conflito na Faixa de Gaza dominaram debates no Plen\u00e1rio Deputados da oposi\u00e7\u00e3o criticaram a fala do presidente Lula em que comparou a a\u00e7\u00e3o de Israel na Faixa de Gaza ao exterm\u00ednio de judeus pelos nazistas no s\u00e9culo passado. Parlamentares governistas defenderam o discurso e criticaram a a\u00e7\u00e3o [&hellip;]<\/p>\n","protected":false},"author":0,"featured_media":0,"comment_status":"open","ping_status":"open","sticky":false,"template":"","format":"standard","meta":{"footnotes":""},"categories":[1],"tags":[],"_links":{"self":[{"href":"https:\/\/jeffersonisac.adv.br\/index.php\/wp-json\/wp\/v2\/posts\/4711"}],"collection":[{"href":"https:\/\/jeffersonisac.adv.br\/index.php\/wp-json\/wp\/v2\/posts"}],"about":[{"href":"https:\/\/jeffersonisac.adv.br\/index.php\/wp-json\/wp\/v2\/types\/post"}],"replies":[{"embeddable":true,"href":"https:\/\/jeffersonisac.adv.br\/index.php\/wp-json\/wp\/v2\/comments?post=4711"}],"version-history":[{"count":0,"href":"https:\/\/jeffersonisac.adv.br\/index.php\/wp-json\/wp\/v2\/posts\/4711\/revisions"}],"wp:attachment":[{"href":"https:\/\/jeffersonisac.adv.br\/index.php\/wp-json\/wp\/v2\/media?parent=4711"}],"wp:term":[{"taxonomy":"category","embeddable":true,"href":"https:\/\/jeffersonisac.adv.br\/index.php\/wp-json\/wp\/v2\/categories?post=4711"},{"taxonomy":"post_tag","embeddable":true,"href":"https:\/\/jeffersonisac.adv.br\/index.php\/wp-json\/wp\/v2\/tags?post=4711"}],"curies":[{"name":"wp","href":"https:\/\/api.w.org\/{rel}","templated":true}]}}