{"id":4726,"date":"2024-02-21T15:03:44","date_gmt":"2024-02-21T18:03:44","guid":{"rendered":"https:\/\/jeffersonisac.adv.br\/index.php\/2024\/02\/21\/projeto-obriga-cartorios-a-disponibilizar-certidoes-de-obito-nascimento-e-casamento-em-braile\/"},"modified":"2024-02-21T15:03:44","modified_gmt":"2024-02-21T18:03:44","slug":"projeto-obriga-cartorios-a-disponibilizar-certidoes-de-obito-nascimento-e-casamento-em-braile","status":"publish","type":"post","link":"https:\/\/jeffersonisac.adv.br\/index.php\/2024\/02\/21\/projeto-obriga-cartorios-a-disponibilizar-certidoes-de-obito-nascimento-e-casamento-em-braile\/","title":{"rendered":"Projeto obriga cart\u00f3rios a disponibilizar certid\u00f5es de \u00f3bito, nascimento e casamento em braile"},"content":{"rendered":"<div class=\"image-container\">\n<div class=\"midia-creditos\"><em>Bruno Spada \/ C\u00e2mara dos Deputados<\/em><\/div>\n<div class=\"media-wrapper\"><\/div>\n<div class=\"midia-legenda\">Marx Beltr\u00e3o: objetivo \u00e9 ampliar autonomia das pessoas com defici\u00eancia visual<\/div>\n<\/div>\n<p><span>O Projeto de Lei 74\/24 obriga os cart\u00f3rios de todo o Pa\u00eds a disponibilizar certid\u00f5es de \u00f3bito, nascimento e casamento em escrita braile (sistema de escrita t\u00e1til usado por pessoas com defici\u00eancia visual).<\/span><\/p>\n<p><span>Pelo texto, em an\u00e1lise na C\u00e2mara dos Deputados, os cart\u00f3rios dever\u00e3o divulgar no interior dos estabelecimentos, em local de f\u00e1cil visualiza\u00e7\u00e3o e tamb\u00e9m em braile, placa ou cartaz informando que os documentos poder\u00e3o ser disponibilizados nessa linguagem.\u00a0<\/span><\/p>\n<p><span>Em caso de descumprimento das medidas, o cart\u00f3rio ser\u00e1 obrigado a pagar multa no valor de R$ 1 mil.\u00a0<\/span><\/p>\n<p><span>Autor do projeto, o deputado Marx Beltr\u00e3o (PP-AL) afirma que a inten\u00e7\u00e3o \u00e9 ampliar a condi\u00e7\u00e3o social e a autonomia das pessoas com defici\u00eancia visual, incentivando-as a agirem de forma independente e consciente com rela\u00e7\u00e3o aos seus direitos.<\/span><\/p>\n<p><strong>Tramita\u00e7\u00e3o<br \/>\n<\/strong><span>A proposta ser\u00e1 analisada, em <span class=\"termoGlossario\">car\u00e1ter conclusivo<\/span>, pelas c<\/span><span>omiss\u00f5es de Defesa dos Direitos das Pessoas com Defici\u00eancia; e de Constitui\u00e7\u00e3o e Justi\u00e7a e de Cidadania.\u00a0<\/span><\/p>\n<p><a href=\"https:\/\/www.camara.leg.br\/noticias\/573454-SAIBA-MAIS-SOBRE-A-TRAMITACAO-DE-PROJETOS-DE-LEI\">Saiba mais sobre a tramita\u00e7\u00e3o de projetos de lei<\/a><\/p>","protected":false},"excerpt":{"rendered":"<p>Bruno Spada \/ C\u00e2mara dos Deputados Marx Beltr\u00e3o: objetivo \u00e9 ampliar autonomia das pessoas com defici\u00eancia visual O Projeto de Lei 74\/24 obriga os cart\u00f3rios de todo o Pa\u00eds a disponibilizar certid\u00f5es de \u00f3bito, nascimento e casamento em escrita braile (sistema de escrita t\u00e1til usado por pessoas com defici\u00eancia visual). Pelo texto, em an\u00e1lise na [&hellip;]<\/p>\n","protected":false},"author":0,"featured_media":0,"comment_status":"open","ping_status":"open","sticky":false,"template":"","format":"standard","meta":{"footnotes":""},"categories":[1],"tags":[],"_links":{"self":[{"href":"https:\/\/jeffersonisac.adv.br\/index.php\/wp-json\/wp\/v2\/posts\/4726"}],"collection":[{"href":"https:\/\/jeffersonisac.adv.br\/index.php\/wp-json\/wp\/v2\/posts"}],"about":[{"href":"https:\/\/jeffersonisac.adv.br\/index.php\/wp-json\/wp\/v2\/types\/post"}],"replies":[{"embeddable":true,"href":"https:\/\/jeffersonisac.adv.br\/index.php\/wp-json\/wp\/v2\/comments?post=4726"}],"version-history":[{"count":0,"href":"https:\/\/jeffersonisac.adv.br\/index.php\/wp-json\/wp\/v2\/posts\/4726\/revisions"}],"wp:attachment":[{"href":"https:\/\/jeffersonisac.adv.br\/index.php\/wp-json\/wp\/v2\/media?parent=4726"}],"wp:term":[{"taxonomy":"category","embeddable":true,"href":"https:\/\/jeffersonisac.adv.br\/index.php\/wp-json\/wp\/v2\/categories?post=4726"},{"taxonomy":"post_tag","embeddable":true,"href":"https:\/\/jeffersonisac.adv.br\/index.php\/wp-json\/wp\/v2\/tags?post=4726"}],"curies":[{"name":"wp","href":"https:\/\/api.w.org\/{rel}","templated":true}]}}