{"id":4727,"date":"2024-02-21T16:28:42","date_gmt":"2024-02-21T19:28:42","guid":{"rendered":"https:\/\/jeffersonisac.adv.br\/index.php\/2024\/02\/21\/projeto-obriga-apresentacao-de-antecedentes-criminais-do-padrasto-ou-madrasta-na-fixacao-da-guarda\/"},"modified":"2024-02-21T16:28:42","modified_gmt":"2024-02-21T19:28:42","slug":"projeto-obriga-apresentacao-de-antecedentes-criminais-do-padrasto-ou-madrasta-na-fixacao-da-guarda","status":"publish","type":"post","link":"https:\/\/jeffersonisac.adv.br\/index.php\/2024\/02\/21\/projeto-obriga-apresentacao-de-antecedentes-criminais-do-padrasto-ou-madrasta-na-fixacao-da-guarda\/","title":{"rendered":"Projeto obriga apresenta\u00e7\u00e3o de antecedentes criminais do padrasto ou madrasta na fixa\u00e7\u00e3o da guarda"},"content":{"rendered":"<div class=\"image-container\">\n<div class=\"midia-creditos\"><em>Vinicius Loures \/ C\u00e2mara dos Deputados<\/em><\/div>\n<div class=\"media-wrapper\"><\/div>\n<div class=\"midia-legenda\">Alberto Neto: medida corrobora princ\u00edpio de zelar pelo interesse do filho<\/div>\n<\/div>\n<p><span>O Projeto de Lei 122\/24 determina que, na fixa\u00e7\u00e3o da guarda, o pai e a m\u00e3e de uma crian\u00e7a menor de idade dever\u00e3o apresentar, conforme o caso, os antecedentes criminais do padrasto e da madrasta.<\/span><\/p>\n<p><span>Em an\u00e1lise na C\u00e2mara dos Deputados, o texto inclui a medida no <a class=\"linkLegislacao\" href=\"https:\/\/www2.camara.gov.br\/legin\/fed\/lei\/2002\/lei-10406-10-janeiro-2002-432893-norma-pl.html\">C\u00f3digo Civil<\/a>, que j\u00e1 estabelece que o pai ou a m\u00e3e que casar novamente ou fizer uni\u00e3o est\u00e1vel n\u00e3o perder\u00e1 o direito de ter consigo os filhos, salvo mandado judicial provando que eles n\u00e3o s\u00e3o bem tratados.<\/span><\/p>\n<p><span>Autor da proposta, o deputado Capit\u00e3o Alberto Neto (PL-AM) afirma que a lei deve zelar pelo melhor interesse dos enteados, come\u00e7ando pela &#8220;investiga\u00e7\u00e3o sobre a vida pregressa do padrasto ou madrasta\u201d.<\/span><\/p>\n<p><span><strong>Tramita\u00e7\u00e3o<\/strong><br \/>\n<\/span><span>A proposta ser\u00e1 analisada em <span class=\"termoGlossario\">car\u00e1ter conclusivo<\/span> pelas c<\/span><span>omiss\u00f5es de Previd\u00eancia, Assist\u00eancia Social, Inf\u00e2ncia, Adolesc\u00eancia e Fam\u00edlia; e de Constitui\u00e7\u00e3o e Justi\u00e7a e de Cidadania.<\/span><\/p>\n<p><a href=\"https:\/\/www.camara.leg.br\/noticias\/573454-SAIBA-MAIS-SOBRE-A-TRAMITACAO-DE-PROJETOS-DE-LEI\">Saiba mais sobre a tramita\u00e7\u00e3o de projetos de lei<\/a><\/p>","protected":false},"excerpt":{"rendered":"<p>Vinicius Loures \/ C\u00e2mara dos Deputados Alberto Neto: medida corrobora princ\u00edpio de zelar pelo interesse do filho O Projeto de Lei 122\/24 determina que, na fixa\u00e7\u00e3o da guarda, o pai e a m\u00e3e de uma crian\u00e7a menor de idade dever\u00e3o apresentar, conforme o caso, os antecedentes criminais do padrasto e da madrasta. Em an\u00e1lise na [&hellip;]<\/p>\n","protected":false},"author":0,"featured_media":0,"comment_status":"open","ping_status":"open","sticky":false,"template":"","format":"standard","meta":{"footnotes":""},"categories":[1],"tags":[],"_links":{"self":[{"href":"https:\/\/jeffersonisac.adv.br\/index.php\/wp-json\/wp\/v2\/posts\/4727"}],"collection":[{"href":"https:\/\/jeffersonisac.adv.br\/index.php\/wp-json\/wp\/v2\/posts"}],"about":[{"href":"https:\/\/jeffersonisac.adv.br\/index.php\/wp-json\/wp\/v2\/types\/post"}],"replies":[{"embeddable":true,"href":"https:\/\/jeffersonisac.adv.br\/index.php\/wp-json\/wp\/v2\/comments?post=4727"}],"version-history":[{"count":0,"href":"https:\/\/jeffersonisac.adv.br\/index.php\/wp-json\/wp\/v2\/posts\/4727\/revisions"}],"wp:attachment":[{"href":"https:\/\/jeffersonisac.adv.br\/index.php\/wp-json\/wp\/v2\/media?parent=4727"}],"wp:term":[{"taxonomy":"category","embeddable":true,"href":"https:\/\/jeffersonisac.adv.br\/index.php\/wp-json\/wp\/v2\/categories?post=4727"},{"taxonomy":"post_tag","embeddable":true,"href":"https:\/\/jeffersonisac.adv.br\/index.php\/wp-json\/wp\/v2\/tags?post=4727"}],"curies":[{"name":"wp","href":"https:\/\/api.w.org\/{rel}","templated":true}]}}