{"id":4772,"date":"2024-02-26T08:05:23","date_gmt":"2024-02-26T11:05:23","guid":{"rendered":"https:\/\/jeffersonisac.adv.br\/index.php\/2024\/02\/26\/projeto-isenta-de-licenciamento-veiculo-de-competicao-que-nao-transita-em-via-publica\/"},"modified":"2024-02-26T08:05:23","modified_gmt":"2024-02-26T11:05:23","slug":"projeto-isenta-de-licenciamento-veiculo-de-competicao-que-nao-transita-em-via-publica","status":"publish","type":"post","link":"https:\/\/jeffersonisac.adv.br\/index.php\/2024\/02\/26\/projeto-isenta-de-licenciamento-veiculo-de-competicao-que-nao-transita-em-via-publica\/","title":{"rendered":"Projeto isenta de licenciamento ve\u00edculo de competi\u00e7\u00e3o que n\u00e3o transita em via p\u00fablica"},"content":{"rendered":"<div class=\"image-container\">\n<div class=\"midia-creditos\"><em>Pablo Valadares\/C\u00e2mara dos Deputados<\/em><\/div>\n<div class=\"media-wrapper\"><\/div>\n<div class=\"midia-legenda\">Carlos Henrique Gaguim \u00e9 o autor da proposta<\/div>\n<\/div>\n<p>O Projeto de Lei 5964\/23 altera o <a class=\"linkLegislacao\" href=\"https:\/\/www2.camara.gov.br\/legin\/fed\/lei\/1997\/lei-9503-23-setembro-1997-372348-norma-pl.html\">C\u00f3digo de Tr\u00e2nsito Brasileiro<\/a> para isentar de taxas de licenciamento os ve\u00edculos automotores de competi\u00e7\u00e3o que n\u00e3o circulam em vias p\u00fablicas. A C\u00e2mara dos Deputados analisa a proposta.<\/p>\n<p>O texto define esses ve\u00edculos como &#8220;equipamento automotor de uso restrito&#8221; cuja circula\u00e7\u00e3o \u00e9 proibida em vias p\u00fablicas, sendo, por esse motivo, dispensados de cumprir, entre outras, as exig\u00eancias de:<\/p>\n<p>registro,<br \/>\nemplacamento,<br \/>\nlicenciamento,<br \/>\nequipamentos obrigat\u00f3rios,<br \/>\nvistorias.<\/p>\n<p>\u201cN\u00e3o sendo permitido transitar com esses ve\u00edculos preparados ou de competi\u00e7\u00e3o em vias p\u00fablicas, n\u00e3o h\u00e1 qualquer necessidade do controle administrativo dos \u00f3rg\u00e3os do Sistema Nacional de Tr\u00e2nsito sobre eles\u201d, argumenta o autor, deputado Carlos Henrique Gaguim (Uni\u00e3o-TO).<\/p>\n<p><strong>Multa<br \/>\n<\/strong>O texto, no entanto, passa a prever que conduzir esses tipos de ve\u00edculos em via p\u00fablica sem licen\u00e7a especial da autoridade de tr\u00e2nsito configura infra\u00e7\u00e3o grav\u00edssima, com multa aplicada em triplo e remo\u00e7\u00e3o do ve\u00edculo.<\/p>\n<p>\u201cComo n\u00e3o podem transitar em vias p\u00fablicas, inclu\u00edmos infra\u00e7\u00e3o espec\u00edfica para o desrespeito a tal comando, de modo a inibir pr\u00e1ticas oportunistas de motoristas que queiram se aproveitar da altera\u00e7\u00e3o para se eximir de responsabilidades\u201d, acrescenta o deputado.<\/p>\n<p><strong>Tramita\u00e7\u00e3o<\/strong><br \/>\nO projeto ser\u00e1 analisado, em <span class=\"termoGlossario\">car\u00e1ter conclusivo<\/span>, pelas comiss\u00f5es de Via\u00e7\u00e3o e Transportes; e de Constitui\u00e7\u00e3o e Justi\u00e7a e de Cidadania.<\/p>\n<p><a href=\"https:\/\/www.camara.leg.br\/noticias\/573454-SAIBA-MAIS-SOBRE-A-TRAMITACAO-DE-PROJETOS-DE-LEI\">Saiba mais sobre a tramita\u00e7\u00e3o de projetos de lei<\/a><\/p>","protected":false},"excerpt":{"rendered":"<p>Pablo Valadares\/C\u00e2mara dos Deputados Carlos Henrique Gaguim \u00e9 o autor da proposta O Projeto de Lei 5964\/23 altera o C\u00f3digo de Tr\u00e2nsito Brasileiro para isentar de taxas de licenciamento os ve\u00edculos automotores de competi\u00e7\u00e3o que n\u00e3o circulam em vias p\u00fablicas. A C\u00e2mara dos Deputados analisa a proposta. O texto define esses ve\u00edculos como &#8220;equipamento automotor [&hellip;]<\/p>\n","protected":false},"author":0,"featured_media":0,"comment_status":"open","ping_status":"open","sticky":false,"template":"","format":"standard","meta":{"footnotes":""},"categories":[1],"tags":[],"_links":{"self":[{"href":"https:\/\/jeffersonisac.adv.br\/index.php\/wp-json\/wp\/v2\/posts\/4772"}],"collection":[{"href":"https:\/\/jeffersonisac.adv.br\/index.php\/wp-json\/wp\/v2\/posts"}],"about":[{"href":"https:\/\/jeffersonisac.adv.br\/index.php\/wp-json\/wp\/v2\/types\/post"}],"replies":[{"embeddable":true,"href":"https:\/\/jeffersonisac.adv.br\/index.php\/wp-json\/wp\/v2\/comments?post=4772"}],"version-history":[{"count":0,"href":"https:\/\/jeffersonisac.adv.br\/index.php\/wp-json\/wp\/v2\/posts\/4772\/revisions"}],"wp:attachment":[{"href":"https:\/\/jeffersonisac.adv.br\/index.php\/wp-json\/wp\/v2\/media?parent=4772"}],"wp:term":[{"taxonomy":"category","embeddable":true,"href":"https:\/\/jeffersonisac.adv.br\/index.php\/wp-json\/wp\/v2\/categories?post=4772"},{"taxonomy":"post_tag","embeddable":true,"href":"https:\/\/jeffersonisac.adv.br\/index.php\/wp-json\/wp\/v2\/tags?post=4772"}],"curies":[{"name":"wp","href":"https:\/\/api.w.org\/{rel}","templated":true}]}}