{"id":4781,"date":"2024-02-26T15:32:11","date_gmt":"2024-02-26T18:32:11","guid":{"rendered":"https:\/\/jeffersonisac.adv.br\/index.php\/2024\/02\/26\/projeto-proibe-uso-de-agrotoxicos-que-contenham-atrazina-no-brasil\/"},"modified":"2024-02-26T15:32:11","modified_gmt":"2024-02-26T18:32:11","slug":"projeto-proibe-uso-de-agrotoxicos-que-contenham-atrazina-no-brasil","status":"publish","type":"post","link":"https:\/\/jeffersonisac.adv.br\/index.php\/2024\/02\/26\/projeto-proibe-uso-de-agrotoxicos-que-contenham-atrazina-no-brasil\/","title":{"rendered":"Projeto pro\u00edbe uso de agrot\u00f3xicos que contenham atrazina no Brasil"},"content":{"rendered":"<div class=\"image-container\">\n<div class=\"midia-creditos\"><em>Zeca Ribeiro \/ C\u00e2mara dos Deputados<\/em><\/div>\n<div class=\"media-wrapper\"><\/div>\n<div class=\"midia-legenda\">Padre Jo\u00e3o lembra que subst\u00e2ncia \u00e9 proibida na Uni\u00e3o Europeia h\u00e1 20 anos<\/div>\n<\/div>\n<p>O Projeto de Lei 5080\/23 pro\u00edbe o uso de agrot\u00f3xicos que contenham o princ\u00edpio ativo atrazina em todo territ\u00f3rio nacional. A proposta est\u00e1 em an\u00e1lise na C\u00e2mara dos Deputados.<\/p>\n<p>A atrazina, atualmente, \u00e9 aplicada para o controle de ervas daninhas em culturas como o milho e a cana-de-a\u00e7\u00facar.<\/p>\n<p>O deputado Padre Jo\u00e3o (PT-MG), autor do projeto, afirma que a subst\u00e2ncia \u00e9 considerada a maior respons\u00e1vel pela contamina\u00e7\u00e3o de \u00e1guas subterr\u00e2neas e nascentes, tendo sido proibida na Uni\u00e3o Europeia em 2004.<\/p>\n<p>\u201cA atrazina pode causar doen\u00e7as mesmo em doses muito baixas, tornando os limites de seguran\u00e7a indicados ineficazes na prote\u00e7\u00e3o dos trabalhadores. Al\u00e9m disso, a fiscaliza\u00e7\u00e3o e o monitoramento s\u00e3o dif\u00edceis de serem instalados\u201d, disse.<\/p>\n<p>No ano passado, o uso da subst\u00e2ncia <a href=\"https:\/\/www.camara.leg.br\/noticias\/968485-COMISSAO-RECEBE-DOSSIE-SOBRE-ELEVADA-CONTAMINACAO-DE-AGROTOXICO-NAS-AGUAS-DO-CERRADO\">foi tema de discuss\u00e3o<\/a> na Comiss\u00e3o de Meio Ambiente e Desenvolvimento Sustent\u00e1vel.<\/p>\n<p><strong>Pr\u00f3ximos passos<br \/>\n<\/strong>O projeto ser\u00e1 analisado em <span class=\"termoGlossario\">car\u00e1ter conclusivo<\/span> nas comiss\u00f5es de Agricultura, Pecu\u00e1ria, Abastecimento e Desenvolvimento Rural; Meio Ambiente e Desenvolvimento Sustent\u00e1vel; e Constitui\u00e7\u00e3o e Justi\u00e7a e de Cidadania.<\/p>\n<p><a href=\"https:\/\/www.camara.leg.br\/noticias\/573454-SAIBA-MAIS-SOBRE-A-TRAMITACAO-DE-PROJETOS-DE-LEI\">Saiba mais sobre a tramita\u00e7\u00e3o de projetos de lei<\/a><\/p>","protected":false},"excerpt":{"rendered":"<p>Zeca Ribeiro \/ C\u00e2mara dos Deputados Padre Jo\u00e3o lembra que subst\u00e2ncia \u00e9 proibida na Uni\u00e3o Europeia h\u00e1 20 anos O Projeto de Lei 5080\/23 pro\u00edbe o uso de agrot\u00f3xicos que contenham o princ\u00edpio ativo atrazina em todo territ\u00f3rio nacional. A proposta est\u00e1 em an\u00e1lise na C\u00e2mara dos Deputados. A atrazina, atualmente, \u00e9 aplicada para o [&hellip;]<\/p>\n","protected":false},"author":0,"featured_media":0,"comment_status":"open","ping_status":"open","sticky":false,"template":"","format":"standard","meta":{"footnotes":""},"categories":[1],"tags":[],"_links":{"self":[{"href":"https:\/\/jeffersonisac.adv.br\/index.php\/wp-json\/wp\/v2\/posts\/4781"}],"collection":[{"href":"https:\/\/jeffersonisac.adv.br\/index.php\/wp-json\/wp\/v2\/posts"}],"about":[{"href":"https:\/\/jeffersonisac.adv.br\/index.php\/wp-json\/wp\/v2\/types\/post"}],"replies":[{"embeddable":true,"href":"https:\/\/jeffersonisac.adv.br\/index.php\/wp-json\/wp\/v2\/comments?post=4781"}],"version-history":[{"count":0,"href":"https:\/\/jeffersonisac.adv.br\/index.php\/wp-json\/wp\/v2\/posts\/4781\/revisions"}],"wp:attachment":[{"href":"https:\/\/jeffersonisac.adv.br\/index.php\/wp-json\/wp\/v2\/media?parent=4781"}],"wp:term":[{"taxonomy":"category","embeddable":true,"href":"https:\/\/jeffersonisac.adv.br\/index.php\/wp-json\/wp\/v2\/categories?post=4781"},{"taxonomy":"post_tag","embeddable":true,"href":"https:\/\/jeffersonisac.adv.br\/index.php\/wp-json\/wp\/v2\/tags?post=4781"}],"curies":[{"name":"wp","href":"https:\/\/api.w.org\/{rel}","templated":true}]}}