{"id":4785,"date":"2024-02-26T20:48:05","date_gmt":"2024-02-26T23:48:05","guid":{"rendered":"https:\/\/jeffersonisac.adv.br\/index.php\/2024\/02\/26\/projeto-preve-aplicacao-de-fluor-nos-dentes-de-idosos-a-cada-seis-meses\/"},"modified":"2024-02-26T20:48:05","modified_gmt":"2024-02-26T23:48:05","slug":"projeto-preve-aplicacao-de-fluor-nos-dentes-de-idosos-a-cada-seis-meses","status":"publish","type":"post","link":"https:\/\/jeffersonisac.adv.br\/index.php\/2024\/02\/26\/projeto-preve-aplicacao-de-fluor-nos-dentes-de-idosos-a-cada-seis-meses\/","title":{"rendered":"Projeto prev\u00ea aplica\u00e7\u00e3o de fl\u00faor nos dentes de idosos a cada seis meses"},"content":{"rendered":"<div class=\"image-container\">\n<div class=\"midia-creditos\"><em>Pablo Valadares \/ C\u00e2mara dos Deputados<\/em><\/div>\n<div class=\"media-wrapper\"><\/div>\n<div class=\"midia-legenda\">Nascimento: &#8220;Sa\u00fade bucal deficiente pode gerar ou agravar outras doen\u00e7as&#8221;<\/div>\n<\/div>\n<p><span>O Projeto de Lei 5763\/23 inclui entre as <\/span><span>diretrizes da Pol\u00edtica Nacional de Sa\u00fade Bucal do Sistema \u00danico de Sa\u00fade (SUS) <\/span><span>a aplica\u00e7\u00e3o de fl\u00faor concentrado, a cada seis meses, em pacientes com mais de 60 anos.\u00a0<\/span><\/p>\n<p><span>Pela proposta em an\u00e1lise na C\u00e2mara dos Deputados, tamb\u00e9m ser\u00e1 diretriz da pol\u00edtica promover campanhas de conscientiza\u00e7\u00e3o, para toda a popula\u00e7\u00e3o, sobre a import\u00e2ncia da aplica\u00e7\u00e3o do fl\u00faor pelo dentista na preven\u00e7\u00e3o ao desenvolvimento de infec\u00e7\u00f5es, c\u00e1ries e desgaste dos dentes.\u00a0<\/span><\/p>\n<p><span>O texto prev\u00ea que ser\u00e3o utilizados recursos do Programa Brasil Sorridente e do Fundo Nacional do Idoso para as medidas, que ser\u00e3o inclu\u00eddas na <a class=\"linkLegislacao\" href=\"https:\/\/www2.camara.gov.br\/legin\/fed\/lei\/2023\/lei-14572-8-maio-2023-794156-norma-pl.html\">Lei 14.572\/23<\/a>, que trata da Pol\u00edtica Nacional de Sa\u00fade Bucal.\u00a0<\/span><\/p>\n<p><span>Autor do projeto, o deputado Gilberto Nascimento (PSD-SP) destaca que o envelhecimento provoca v\u00e1rias mudan\u00e7as fisiol\u00f3gicas em todo o organismo, incluindo o enfraquecimento dos dentes e da gengiva.<\/span><\/p>\n<p><span>\u201cDiante disso, algumas dificuldades s\u00e3o mais comuns na terceira idade, como surgimento de c\u00e1rie, problemas na raiz, aumento da sensibilidade, secura na boca, gengivite, entre outros\u201d, alerta. <\/span><\/p>\n<p><span>\u201cUma sa\u00fade bucal deficiente mant\u00e9m ativos processos inflamat\u00f3rios e infecciosos cr\u00f4nicos, que podem acarretar o agravo ou in\u00edcio de algumas doen\u00e7as por meio da dissemina\u00e7\u00e3o de bact\u00e9rias e ou mediadores qu\u00edmicos como resposta inflamat\u00f3ria no corpo\u201d, complementa.<\/span><\/p>\n<p><strong>An\u00e1lise na C\u00e2mara<br \/>\n<\/strong><span>A proposta ser\u00e1 analisada em <span class=\"termoGlossario\">car\u00e1ter conclusivo<\/span> pelas comiss\u00f5es de Defesa dos Direitos da Pessoa Idosa; de Sa\u00fade; de Finan\u00e7as e Tributa\u00e7\u00e3o; e de Constitui\u00e7\u00e3o e Justi\u00e7a e de Cidadania.<\/span><\/p>\n<p><a href=\"https:\/\/www.camara.leg.br\/noticias\/573454-SAIBA-MAIS-SOBRE-A-TRAMITACAO-DE-PROJETOS-DE-LEI\">Saiba mais sobre a tramita\u00e7\u00e3o de projetos de lei<\/a><\/p>","protected":false},"excerpt":{"rendered":"<p>Pablo Valadares \/ C\u00e2mara dos Deputados Nascimento: &#8220;Sa\u00fade bucal deficiente pode gerar ou agravar outras doen\u00e7as&#8221; O Projeto de Lei 5763\/23 inclui entre as diretrizes da Pol\u00edtica Nacional de Sa\u00fade Bucal do Sistema \u00danico de Sa\u00fade (SUS) a aplica\u00e7\u00e3o de fl\u00faor concentrado, a cada seis meses, em pacientes com mais de 60 anos.\u00a0 Pela proposta [&hellip;]<\/p>\n","protected":false},"author":0,"featured_media":0,"comment_status":"open","ping_status":"open","sticky":false,"template":"","format":"standard","meta":{"footnotes":""},"categories":[1],"tags":[],"_links":{"self":[{"href":"https:\/\/jeffersonisac.adv.br\/index.php\/wp-json\/wp\/v2\/posts\/4785"}],"collection":[{"href":"https:\/\/jeffersonisac.adv.br\/index.php\/wp-json\/wp\/v2\/posts"}],"about":[{"href":"https:\/\/jeffersonisac.adv.br\/index.php\/wp-json\/wp\/v2\/types\/post"}],"replies":[{"embeddable":true,"href":"https:\/\/jeffersonisac.adv.br\/index.php\/wp-json\/wp\/v2\/comments?post=4785"}],"version-history":[{"count":0,"href":"https:\/\/jeffersonisac.adv.br\/index.php\/wp-json\/wp\/v2\/posts\/4785\/revisions"}],"wp:attachment":[{"href":"https:\/\/jeffersonisac.adv.br\/index.php\/wp-json\/wp\/v2\/media?parent=4785"}],"wp:term":[{"taxonomy":"category","embeddable":true,"href":"https:\/\/jeffersonisac.adv.br\/index.php\/wp-json\/wp\/v2\/categories?post=4785"},{"taxonomy":"post_tag","embeddable":true,"href":"https:\/\/jeffersonisac.adv.br\/index.php\/wp-json\/wp\/v2\/tags?post=4785"}],"curies":[{"name":"wp","href":"https:\/\/api.w.org\/{rel}","templated":true}]}}