{"id":4828,"date":"2024-02-28T19:57:19","date_gmt":"2024-02-28T22:57:19","guid":{"rendered":"https:\/\/jeffersonisac.adv.br\/index.php\/2024\/02\/28\/deputados-analisam-projeto-que-cria-tarifa-social-de-agua-e-esgoto-acompanhe\/"},"modified":"2024-02-28T19:57:19","modified_gmt":"2024-02-28T22:57:19","slug":"deputados-analisam-projeto-que-cria-tarifa-social-de-agua-e-esgoto-acompanhe","status":"publish","type":"post","link":"https:\/\/jeffersonisac.adv.br\/index.php\/2024\/02\/28\/deputados-analisam-projeto-que-cria-tarifa-social-de-agua-e-esgoto-acompanhe\/","title":{"rendered":"Deputados analisam projeto que cria tarifa social de \u00e1gua e esgoto; acompanhe"},"content":{"rendered":"<div class=\"image-container\">\n<div class=\"midia-creditos\"><em>Zeca Ribeiro\/C\u00e2mara dos Deputados<\/em><\/div>\n<div class=\"media-wrapper\"><\/div>\n<div class=\"midia-legenda\">Presidente da C\u00e2mara, Arthur Lira, comanda a sess\u00e3o do Plen\u00e1rio<\/div>\n<\/div>\n<p>A C\u00e2mara dos Deputados analisa o Projeto de Lei 9543\/18, do Senado, que cria a tarifa social de \u00e1gua e esgoto para usu\u00e1rios com renda per capita de at\u00e9 meio sal\u00e1rio m\u00ednimo inscritos no Cadastro \u00danico para Programas Sociais (Cad\u00danico) ou em cuja fam\u00edlia haja pessoa com defici\u00eancia e\/ou idoso com 65 anos ou mais.<\/p>\n<p>Segundo o <span class=\"termoGlossario\">substitutivo<\/span> do deputado Pedro Campos (PSB-PE), as empresas de saneamento devem incluir automaticamente os benefici\u00e1rios de acordo com dados a que j\u00e1 t\u00eam acesso, sem necessidade de comunica\u00e7\u00e3o pr\u00e9via ao usu\u00e1rio.<\/p>\n<p>Para o c\u00e1lculo da renda per capita, valores recebidos a t\u00edtulo de Benef\u00edcio de Presta\u00e7\u00e3o Continuada (<span class=\"termoGlossario\">BPC<\/span>) ou de <span class=\"termoGlossario\">Bolsa Fam\u00edlia<\/span> n\u00e3o entram na conta. O usu\u00e1rio que deixar de se enquadrar nos crit\u00e9rios poder\u00e1 continuar a pagar a tarifa social por tr\u00eas meses, e as faturas referentes a este per\u00edodo devem trazer aviso da perda iminente do benef\u00edcio.<\/p>\n<p><strong>Mais informa\u00e7\u00f5es em instantes<\/strong><\/p>\n<p><a href=\"https:\/\/www.youtube.com\/watch?v=yOUQXQ8VJ2w\">Assista ao vivo<\/a><\/p>","protected":false},"excerpt":{"rendered":"<p>Zeca Ribeiro\/C\u00e2mara dos Deputados Presidente da C\u00e2mara, Arthur Lira, comanda a sess\u00e3o do Plen\u00e1rio A C\u00e2mara dos Deputados analisa o Projeto de Lei 9543\/18, do Senado, que cria a tarifa social de \u00e1gua e esgoto para usu\u00e1rios com renda per capita de at\u00e9 meio sal\u00e1rio m\u00ednimo inscritos no Cadastro \u00danico para Programas Sociais (Cad\u00danico) ou [&hellip;]<\/p>\n","protected":false},"author":0,"featured_media":0,"comment_status":"open","ping_status":"open","sticky":false,"template":"","format":"standard","meta":{"footnotes":""},"categories":[1],"tags":[],"_links":{"self":[{"href":"https:\/\/jeffersonisac.adv.br\/index.php\/wp-json\/wp\/v2\/posts\/4828"}],"collection":[{"href":"https:\/\/jeffersonisac.adv.br\/index.php\/wp-json\/wp\/v2\/posts"}],"about":[{"href":"https:\/\/jeffersonisac.adv.br\/index.php\/wp-json\/wp\/v2\/types\/post"}],"replies":[{"embeddable":true,"href":"https:\/\/jeffersonisac.adv.br\/index.php\/wp-json\/wp\/v2\/comments?post=4828"}],"version-history":[{"count":0,"href":"https:\/\/jeffersonisac.adv.br\/index.php\/wp-json\/wp\/v2\/posts\/4828\/revisions"}],"wp:attachment":[{"href":"https:\/\/jeffersonisac.adv.br\/index.php\/wp-json\/wp\/v2\/media?parent=4828"}],"wp:term":[{"taxonomy":"category","embeddable":true,"href":"https:\/\/jeffersonisac.adv.br\/index.php\/wp-json\/wp\/v2\/categories?post=4828"},{"taxonomy":"post_tag","embeddable":true,"href":"https:\/\/jeffersonisac.adv.br\/index.php\/wp-json\/wp\/v2\/tags?post=4828"}],"curies":[{"name":"wp","href":"https:\/\/api.w.org\/{rel}","templated":true}]}}