{"id":4902,"date":"2024-03-05T15:56:03","date_gmt":"2024-03-05T18:56:03","guid":{"rendered":"https:\/\/jeffersonisac.adv.br\/index.php\/2024\/03\/05\/apos-reuniao-com-lira-e-lideres-governo-vai-encaminhar-novo-projeto-de-auxilio-ao-setor-de-eventos\/"},"modified":"2024-03-05T15:56:03","modified_gmt":"2024-03-05T18:56:03","slug":"apos-reuniao-com-lira-e-lideres-governo-vai-encaminhar-novo-projeto-de-auxilio-ao-setor-de-eventos","status":"publish","type":"post","link":"https:\/\/jeffersonisac.adv.br\/index.php\/2024\/03\/05\/apos-reuniao-com-lira-e-lideres-governo-vai-encaminhar-novo-projeto-de-auxilio-ao-setor-de-eventos\/","title":{"rendered":"Ap\u00f3s reuni\u00e3o com Lira e l\u00edderes, governo vai encaminhar novo projeto de aux\u00edlio ao setor de eventos"},"content":{"rendered":"<div class=\"image-container\">\n<div class=\"midia-creditos\"><em>Marina Ramos\/C\u00e2mara dos Deputados<\/em><\/div>\n<div class=\"media-wrapper\"><\/div>\n<div class=\"midia-legenda\">L\u00edderes partid\u00e1rios com Lira e Haddad na resid\u00eancia oficial do presidente da C\u00e2mara<\/div>\n<\/div>\n<p>Durante reuni\u00e3o entre o presidente da C\u00e2mara dos Deputados, Arthur Lira (PP-AL), os l\u00edderes partid\u00e1rios e o ministro da Fazenda, Fernando Haddad, ficou acertado que o governo vai encaminhar um novo projeto com <span class=\"termoGlossario\">urg\u00eancia constitucional<\/span> de aux\u00edlio ao setor de eventos. O Programa Emergencial de Retomada do Setor de Eventos (Perse) foi criado com objetivo de auxiliar o setor a reduzir perdas em raz\u00e3o da pandemia do coronav\u00edrus.<\/p>\n<p>O prazo do programa se encerrou em 2023. No final do ano, o Poder Executivo chegou a encaminhar uma medida provis\u00f3ria que prorrogava o prazo de socorro ao setor at\u00e9 2025, mas decidiu encaminhar um novo projeto sobre o tema para tramitar no Congresso (<a class=\"linkProposicao\" href=\"https:\/\/www.camara.leg.br\/noticias\/1029895-executivo-publica-medida-provisoria-que-limita-desoneracao-da-folha-de-pagamento\">MP 1202\/23<\/a>).<\/p>\n<p>Segundo o l\u00edder do governo, deputado Jos\u00e9 Guimar\u00e3es (PT-CE), o texto da MP tinha algumas imperfei\u00e7\u00f5es e, por essa raz\u00e3o, est\u00e1 sendo reformulado. A ideia, segundo Guimar\u00e3es, \u00e9 aprovar o novo texto at\u00e9 o final de mar\u00e7o.<\/p>\n<p>O l\u00edder do PSB, deputado Felipe Carreras (PSB-PE), afirmou que ser\u00e1 um texto mais enxuto. Ele disse ainda que todas as empresas que usaram os recursos do Perse indevidamente ou cometeram qualquer tipo de fraude, ser\u00e3o punidas. \u201cVai sair um texto em consenso e um programa que respeita quem realmente tem direito (ao benef\u00edcio)\u201d, disse Carreras.<\/p>\n<p>\u201cFoi falado sobre a dura\u00e7\u00e3o (do benef\u00edcio), talvez pelo Perse tenha uma progress\u00e3o de redu\u00e7\u00e3o nos pr\u00f3ximos anos, mas foram sugest\u00f5es. Por isso, foi importante ter um novo projeto de lei com urg\u00eancia constitucional, validado pelos l\u00edderes, pelo presidente da Casa e pelo minist\u00e9rio da Fazenda\u201d, refor\u00e7ou.<\/p>\n<p><strong>MP 1202<\/strong><br \/>\nGuimar\u00e3es afirmou que Fernando Haddad refor\u00e7ou a import\u00e2ncia da vota\u00e7\u00e3o da medida provis\u00f3ria que tamb\u00e9m limita a desonera\u00e7\u00e3o da folha de pagamento de 17 setores da economia para garantir uma maior arrecada\u00e7\u00e3o de recursos do governo. Segundo Guimar\u00e3es, a MP \u00e9 \u201ccentral\u201d para o governo.<\/p>\n<p>A MP estipula tamb\u00e9m limite para compensa\u00e7\u00e3o de cr\u00e9ditos tribut\u00e1rios ganhos na Justi\u00e7a pelas empresas contra a administra\u00e7\u00e3o p\u00fablica, e, tamb\u00e9m, revoga a al\u00edquota reduzida da contribui\u00e7\u00e3o previdenci\u00e1ria aplic\u00e1vel a determinados munic\u00edpios.<\/p>\n<p>\u201cO ministro Haddad apresentou uma vis\u00e3o geral da import\u00e2ncia da MP. O ministro disse que est\u00e1 quase dobrando a curva para concluir a etapa de concluir as medidas arrecadat\u00f3rias e saneadoras da economia\u201d, afirmou.<\/p>","protected":false},"excerpt":{"rendered":"<p>Marina Ramos\/C\u00e2mara dos Deputados L\u00edderes partid\u00e1rios com Lira e Haddad na resid\u00eancia oficial do presidente da C\u00e2mara Durante reuni\u00e3o entre o presidente da C\u00e2mara dos Deputados, Arthur Lira (PP-AL), os l\u00edderes partid\u00e1rios e o ministro da Fazenda, Fernando Haddad, ficou acertado que o governo vai encaminhar um novo projeto com urg\u00eancia constitucional de aux\u00edlio ao [&hellip;]<\/p>\n","protected":false},"author":0,"featured_media":0,"comment_status":"open","ping_status":"open","sticky":false,"template":"","format":"standard","meta":{"footnotes":""},"categories":[1],"tags":[],"_links":{"self":[{"href":"https:\/\/jeffersonisac.adv.br\/index.php\/wp-json\/wp\/v2\/posts\/4902"}],"collection":[{"href":"https:\/\/jeffersonisac.adv.br\/index.php\/wp-json\/wp\/v2\/posts"}],"about":[{"href":"https:\/\/jeffersonisac.adv.br\/index.php\/wp-json\/wp\/v2\/types\/post"}],"replies":[{"embeddable":true,"href":"https:\/\/jeffersonisac.adv.br\/index.php\/wp-json\/wp\/v2\/comments?post=4902"}],"version-history":[{"count":0,"href":"https:\/\/jeffersonisac.adv.br\/index.php\/wp-json\/wp\/v2\/posts\/4902\/revisions"}],"wp:attachment":[{"href":"https:\/\/jeffersonisac.adv.br\/index.php\/wp-json\/wp\/v2\/media?parent=4902"}],"wp:term":[{"taxonomy":"category","embeddable":true,"href":"https:\/\/jeffersonisac.adv.br\/index.php\/wp-json\/wp\/v2\/categories?post=4902"},{"taxonomy":"post_tag","embeddable":true,"href":"https:\/\/jeffersonisac.adv.br\/index.php\/wp-json\/wp\/v2\/tags?post=4902"}],"curies":[{"name":"wp","href":"https:\/\/api.w.org\/{rel}","templated":true}]}}