{"id":4908,"date":"2024-03-05T19:37:30","date_gmt":"2024-03-05T22:37:30","guid":{"rendered":"https:\/\/jeffersonisac.adv.br\/index.php\/2024\/03\/05\/camara-analisa-propostas-sugeridas-pela-bancada-feminina-acompanhe\/"},"modified":"2024-03-05T19:37:30","modified_gmt":"2024-03-05T22:37:30","slug":"camara-analisa-propostas-sugeridas-pela-bancada-feminina-acompanhe","status":"publish","type":"post","link":"https:\/\/jeffersonisac.adv.br\/index.php\/2024\/03\/05\/camara-analisa-propostas-sugeridas-pela-bancada-feminina-acompanhe\/","title":{"rendered":"C\u00e2mara analisa propostas sugeridas pela bancada feminina; acompanhe"},"content":{"rendered":"<div class=\"image-container\">\n<div class=\"midia-creditos\"><em>Zeca Ribeiro\/C\u00e2mara dos Deputados<\/em><\/div>\n<div class=\"media-wrapper\"><\/div>\n<div class=\"midia-legenda\">Benedita da Silva preside a sess\u00e3o do Plen\u00e1rio<\/div>\n<\/div>\n<p>A C\u00e2mara dos Deputados come\u00e7ou a <span class=\"termoGlossario\">Ordem do Dia<\/span> do Plen\u00e1rio e aprovou oito requerimentos de <span class=\"termoGlossario\">urg\u00eancia<\/span> para projetos listados pela bancada feminina em comemora\u00e7\u00e3o do M\u00eas da Mulher. Os textos devem ser votados ainda nesta ter\u00e7a-feira (5).<\/p>\n<p>Com o regime de urg\u00eancia, os projetos n\u00e3o precisam passar antes pelas comiss\u00f5es da C\u00e2mara.<\/p>\n<p>Foram aprovados pedidos de urg\u00eancia para os seguintes projetos:<\/p>\n<p>&#8211; PL 5656\/19, das deputadas Laura Carneiro (PSD-RJ) e Carmen Zanotto (licenciada), que amplia o prazo, de 2024 para 2028, para que todas as escolas tenham bibliotecas. A proposta altera a Lei das Bibliotecas, de 2010, que previa que essa universaliza\u00e7\u00e3o deveria ter ocorrido at\u00e9 2020;<\/p>\n<p>&#8211; <a class=\"linkProposicao\" href=\"https:\/\/www.camara.leg.br\/noticias\/1003082-projeto-preve-salas-de-acolhimento-para-mulheres-vitimas-de-violencia-no-sus\">PL 2221\/23<\/a>, da deputada Iza Arruda (MDB-PE), que obriga as unidades do Sistema \u00danico de Sa\u00fade (SUS) que atendem mulheres v\u00edtimas de viol\u00eancia a terem salas de acolhimento para essas pacientes;<\/p>\n<p>&#8211; <a class=\"linkProposicao\" href=\"https:\/\/www.camara.leg.br\/noticias\/1039279-projeto-cria-selo-rosa-para-identificar-empresas-que-contratam-mulheres-com-cancer\">PL 5608\/23<\/a>, da deputada Maria Rosas (Republicanos-SP), que define as condi\u00e7\u00f5es de trabalho de mulheres diagnosticadas ou em tratamento de c\u00e2ncer;<\/p>\n<p>&#8211; PL 147\/24, da deputada Maria Arraes (Solidariedade-PE), que cria o projeto &#8220;banco vermelho&#8221; para incluir bancos em espa\u00e7os p\u00fablicos de grande circula\u00e7\u00e3o com frases para refletir sobre o Agosto Lil\u00e1s, m\u00eas de prote\u00e7\u00e3o \u00e0 mulher;<\/p>\n<p>&#8211; <a class=\"linkProposicao\" href=\"https:\/\/www.camara.leg.br\/noticias\/890349-projeto-assegura-tratamento-diferenciado-a-gestantes-que-perdem-bebe\">PL 1640\/22<\/a>, da deputada Geovania de S\u00e1 (PSDB-SC), que institui a Pol\u00edtica Nacional de Humaniza\u00e7\u00e3o do Luto Materno e Parental;<\/p>\n<p>&#8211; PL 475\/24, da deputada Erika Hilton (Psol-SP), que institui direitos para o combate \u00e0 discrimina\u00e7\u00e3o de gestantes e parturientes e de pessoas que exercem cuidado de uma ou mais crian\u00e7as e que sejam candidatas em processos seletivos de bolsas de gradua\u00e7\u00e3o e p\u00f3s-gradua\u00e7\u00e3o;<\/p>\n<p>&#8211; PL 754\/23, da deputada L\u00eddice da Mata (PSB-BA), que determina a divulga\u00e7\u00e3o, no programa de r\u00e1dio Voz do Brasil, dos canais de atendimento \u00e0 mulher v\u00edtima de viol\u00eancia;<\/p>\n<p>&#8211; <a class=\"linkProposicao\" href=\"https:\/\/www.camara.leg.br\/noticias\/1040389-proposta-aumenta-pena-de-crime-contra-mulher-feito-com-inteligencia-artificial\">PL 370\/24<\/a>, da deputada Jandira Feghali (PCdoB-RJ), que aumenta pena de crimes contra a mulher com o uso de intelig\u00eancia artificial.<\/p>\n<p><strong>Mais informa\u00e7\u00f5es em instantes<\/strong><\/p>\n<p><a href=\"https:\/\/www.youtube.com\/watch?v=o-lc9ORw-Sw\">Assista ao vivo<\/a><\/p>","protected":false},"excerpt":{"rendered":"<p>Zeca Ribeiro\/C\u00e2mara dos Deputados Benedita da Silva preside a sess\u00e3o do Plen\u00e1rio A C\u00e2mara dos Deputados come\u00e7ou a Ordem do Dia do Plen\u00e1rio e aprovou oito requerimentos de urg\u00eancia para projetos listados pela bancada feminina em comemora\u00e7\u00e3o do M\u00eas da Mulher. Os textos devem ser votados ainda nesta ter\u00e7a-feira (5). Com o regime de urg\u00eancia, [&hellip;]<\/p>\n","protected":false},"author":0,"featured_media":0,"comment_status":"open","ping_status":"open","sticky":false,"template":"","format":"standard","meta":{"footnotes":""},"categories":[1],"tags":[],"_links":{"self":[{"href":"https:\/\/jeffersonisac.adv.br\/index.php\/wp-json\/wp\/v2\/posts\/4908"}],"collection":[{"href":"https:\/\/jeffersonisac.adv.br\/index.php\/wp-json\/wp\/v2\/posts"}],"about":[{"href":"https:\/\/jeffersonisac.adv.br\/index.php\/wp-json\/wp\/v2\/types\/post"}],"replies":[{"embeddable":true,"href":"https:\/\/jeffersonisac.adv.br\/index.php\/wp-json\/wp\/v2\/comments?post=4908"}],"version-history":[{"count":0,"href":"https:\/\/jeffersonisac.adv.br\/index.php\/wp-json\/wp\/v2\/posts\/4908\/revisions"}],"wp:attachment":[{"href":"https:\/\/jeffersonisac.adv.br\/index.php\/wp-json\/wp\/v2\/media?parent=4908"}],"wp:term":[{"taxonomy":"category","embeddable":true,"href":"https:\/\/jeffersonisac.adv.br\/index.php\/wp-json\/wp\/v2\/categories?post=4908"},{"taxonomy":"post_tag","embeddable":true,"href":"https:\/\/jeffersonisac.adv.br\/index.php\/wp-json\/wp\/v2\/tags?post=4908"}],"curies":[{"name":"wp","href":"https:\/\/api.w.org\/{rel}","templated":true}]}}