{"id":4933,"date":"2024-03-06T22:38:56","date_gmt":"2024-03-07T01:38:56","guid":{"rendered":"https:\/\/jeffersonisac.adv.br\/index.php\/2024\/03\/06\/eleitos-presidentes-de-19-das-30-comissoes-permanentes-da-camara\/"},"modified":"2024-03-06T22:38:56","modified_gmt":"2024-03-07T01:38:56","slug":"eleitos-presidentes-de-19-das-30-comissoes-permanentes-da-camara","status":"publish","type":"post","link":"https:\/\/jeffersonisac.adv.br\/index.php\/2024\/03\/06\/eleitos-presidentes-de-19-das-30-comissoes-permanentes-da-camara\/","title":{"rendered":"Eleitos presidentes de 19 das 30 comiss\u00f5es permanentes da C\u00e2mara"},"content":{"rendered":"<div class=\"image-container\">\n<div class=\"midia-creditos\"><em>Bruno Spada \/ C\u00e2mara dos Deputados<\/em><\/div>\n<div class=\"media-wrapper\"><\/div>\n<div class=\"midia-legenda\">Reuni\u00e3o da Comiss\u00e3o de Constitui\u00e7\u00e3o e Justi\u00e7a e de Cidadania<\/div>\n<\/div>\n<p>Dezenove comiss\u00f5es permanentes da C\u00e2mara dos Deputados elegeram nesta quarta-feira (6) seus novos presidentes, para o mandato de um ano. Os partidos dos presidentes que comandariam cada comiss\u00e3o foram definidos previamente pelos l\u00edderes partid\u00e1rios, com base na proporcionalidade partid\u00e1ria, e os nomes dos candidatos eleitos tamb\u00e9m foram indicados pelos l\u00edderes.<\/p>\n<p>Ficaram para a semana que vem as elei\u00e7\u00f5es das seguintes comiss\u00f5es: Desenvolvimento Urbano; \u00a0Integra\u00e7\u00e3o Nacional e Desenvolvimento Regional; Fiscaliza\u00e7\u00e3o Financeira e Controle; Meio Ambiente e Desenvolvimento Sustent\u00e1vel; Amaz\u00f4nia e dos Povos Origin\u00e1rios e Tradicionais; \u00a0Ci\u00eancia, Tecnologia e Inova\u00e7\u00e3o; Comunica\u00e7\u00e3o; e Administra\u00e7\u00e3o e Servi\u00e7o P\u00fablico.<\/p>\n<p>Veja abaixo o resultado das elei\u00e7\u00f5es.<\/p>","protected":false},"excerpt":{"rendered":"<p>Bruno Spada \/ C\u00e2mara dos Deputados Reuni\u00e3o da Comiss\u00e3o de Constitui\u00e7\u00e3o e Justi\u00e7a e de Cidadania Dezenove comiss\u00f5es permanentes da C\u00e2mara dos Deputados elegeram nesta quarta-feira (6) seus novos presidentes, para o mandato de um ano. Os partidos dos presidentes que comandariam cada comiss\u00e3o foram definidos previamente pelos l\u00edderes partid\u00e1rios, com base na proporcionalidade partid\u00e1ria, [&hellip;]<\/p>\n","protected":false},"author":0,"featured_media":0,"comment_status":"open","ping_status":"open","sticky":false,"template":"","format":"standard","meta":{"footnotes":""},"categories":[1],"tags":[],"_links":{"self":[{"href":"https:\/\/jeffersonisac.adv.br\/index.php\/wp-json\/wp\/v2\/posts\/4933"}],"collection":[{"href":"https:\/\/jeffersonisac.adv.br\/index.php\/wp-json\/wp\/v2\/posts"}],"about":[{"href":"https:\/\/jeffersonisac.adv.br\/index.php\/wp-json\/wp\/v2\/types\/post"}],"replies":[{"embeddable":true,"href":"https:\/\/jeffersonisac.adv.br\/index.php\/wp-json\/wp\/v2\/comments?post=4933"}],"version-history":[{"count":0,"href":"https:\/\/jeffersonisac.adv.br\/index.php\/wp-json\/wp\/v2\/posts\/4933\/revisions"}],"wp:attachment":[{"href":"https:\/\/jeffersonisac.adv.br\/index.php\/wp-json\/wp\/v2\/media?parent=4933"}],"wp:term":[{"taxonomy":"category","embeddable":true,"href":"https:\/\/jeffersonisac.adv.br\/index.php\/wp-json\/wp\/v2\/categories?post=4933"},{"taxonomy":"post_tag","embeddable":true,"href":"https:\/\/jeffersonisac.adv.br\/index.php\/wp-json\/wp\/v2\/tags?post=4933"}],"curies":[{"name":"wp","href":"https:\/\/api.w.org\/{rel}","templated":true}]}}