{"id":4957,"date":"2024-03-08T09:58:34","date_gmt":"2024-03-08T12:58:34","guid":{"rendered":"https:\/\/jeffersonisac.adv.br\/index.php\/2024\/03\/08\/duas-comissoes-da-camara-dos-deputados-devem-eleger-seus-presidentes-na-proxima-semana\/"},"modified":"2024-03-08T09:58:34","modified_gmt":"2024-03-08T12:58:34","slug":"duas-comissoes-da-camara-dos-deputados-devem-eleger-seus-presidentes-na-proxima-semana","status":"publish","type":"post","link":"https:\/\/jeffersonisac.adv.br\/index.php\/2024\/03\/08\/duas-comissoes-da-camara-dos-deputados-devem-eleger-seus-presidentes-na-proxima-semana\/","title":{"rendered":"Duas comiss\u00f5es da C\u00e2mara dos Deputados devem eleger seus presidentes na pr\u00f3xima semana"},"content":{"rendered":"<div class=\"image-container\">\n<div class=\"midia-creditos\"><em>Bruno Spada \/ C\u00e2mara dos Deputadas<\/em><\/div>\n<div class=\"media-wrapper\"><\/div>\n<div class=\"midia-legenda\">Reuni\u00e3o da Comiss\u00e3o da Amaz\u00f4nia realizada em 2023<\/div>\n<\/div>\n<p>Duas comiss\u00f5es da C\u00e2mara dos Deputados dever\u00e3o ser instaladas e eleger seus presidentes na pr\u00f3xima semana.<\/p>\n<p>Na ter\u00e7a-feira (12), ser\u00e1 a Comiss\u00e3o da Amaz\u00f4nia e dos Povos Origin\u00e1rios e Tradicionais. O colegiado marcou reuni\u00e3o sobre o tema para as 14 horas no plen\u00e1rio 12.<\/p>\n<p><a href=\"https:\/\/www.camara.leg.br\/evento-legislativo\/72035\">Confira a pauta da reuni\u00e3o<\/a><\/p>\n<p>No dia seguinte, quarta-feira (13), ser\u00e1 a vez da Comiss\u00e3o de Integra\u00e7\u00e3o Nacional e Desenvolvimento Regional, que se reunir\u00e1 \u00e0s 10 horas no plen\u00e1rio 15.<\/p>\n<p>\u00a0<a href=\"https:\/\/www.camara.leg.br\/evento-legislativo\/72029\">Confira a pauta da reuni\u00e3o<\/a><\/p>\n<p>Nesta semana, foram <a href=\"https:\/\/www.camara.leg.br\/noticias\/1040708-eleitos-presidentes-de-19-das-30-comissoes-permanentes-da-camaraa\/\">eleitos presidentes de 19 das 30 comiss\u00f5es<\/a> permanentes da C\u00e2mara.<\/p>","protected":false},"excerpt":{"rendered":"<p>Bruno Spada \/ C\u00e2mara dos Deputadas Reuni\u00e3o da Comiss\u00e3o da Amaz\u00f4nia realizada em 2023 Duas comiss\u00f5es da C\u00e2mara dos Deputados dever\u00e3o ser instaladas e eleger seus presidentes na pr\u00f3xima semana. Na ter\u00e7a-feira (12), ser\u00e1 a Comiss\u00e3o da Amaz\u00f4nia e dos Povos Origin\u00e1rios e Tradicionais. O colegiado marcou reuni\u00e3o sobre o tema para as 14 horas [&hellip;]<\/p>\n","protected":false},"author":0,"featured_media":0,"comment_status":"open","ping_status":"open","sticky":false,"template":"","format":"standard","meta":{"footnotes":""},"categories":[1],"tags":[],"_links":{"self":[{"href":"https:\/\/jeffersonisac.adv.br\/index.php\/wp-json\/wp\/v2\/posts\/4957"}],"collection":[{"href":"https:\/\/jeffersonisac.adv.br\/index.php\/wp-json\/wp\/v2\/posts"}],"about":[{"href":"https:\/\/jeffersonisac.adv.br\/index.php\/wp-json\/wp\/v2\/types\/post"}],"replies":[{"embeddable":true,"href":"https:\/\/jeffersonisac.adv.br\/index.php\/wp-json\/wp\/v2\/comments?post=4957"}],"version-history":[{"count":0,"href":"https:\/\/jeffersonisac.adv.br\/index.php\/wp-json\/wp\/v2\/posts\/4957\/revisions"}],"wp:attachment":[{"href":"https:\/\/jeffersonisac.adv.br\/index.php\/wp-json\/wp\/v2\/media?parent=4957"}],"wp:term":[{"taxonomy":"category","embeddable":true,"href":"https:\/\/jeffersonisac.adv.br\/index.php\/wp-json\/wp\/v2\/categories?post=4957"},{"taxonomy":"post_tag","embeddable":true,"href":"https:\/\/jeffersonisac.adv.br\/index.php\/wp-json\/wp\/v2\/tags?post=4957"}],"curies":[{"name":"wp","href":"https:\/\/api.w.org\/{rel}","templated":true}]}}