{"id":4989,"date":"2024-03-12T08:00:40","date_gmt":"2024-03-12T11:00:40","guid":{"rendered":"https:\/\/jeffersonisac.adv.br\/index.php\/2024\/03\/12\/duas-comissoes-da-camara-dos-deputados-devem-eleger-seus-presidentes-nesta-terca-feira\/"},"modified":"2024-03-12T08:00:40","modified_gmt":"2024-03-12T11:00:40","slug":"duas-comissoes-da-camara-dos-deputados-devem-eleger-seus-presidentes-nesta-terca-feira","status":"publish","type":"post","link":"https:\/\/jeffersonisac.adv.br\/index.php\/2024\/03\/12\/duas-comissoes-da-camara-dos-deputados-devem-eleger-seus-presidentes-nesta-terca-feira\/","title":{"rendered":"Duas comiss\u00f5es da C\u00e2mara dos Deputados devem eleger seus presidentes nesta ter\u00e7a-feira"},"content":{"rendered":"<div class=\"image-container\">\n<div class=\"midia-creditos\"><em>Bruno Spada \/ C\u00e2mara dos Deputadas<\/em><\/div>\n<div class=\"media-wrapper\"><\/div>\n<div class=\"midia-legenda\">Reuni\u00e3o da Comiss\u00e3o da Amaz\u00f4nia realizada em 2023<\/div>\n<\/div>\n<p>Duas comiss\u00f5es da C\u00e2mara dos Deputados dever\u00e3o ser instaladas e eleger seus presidentes nesta ter\u00e7a-feira. S\u00e3o elas:<\/p>\n<p><a href=\"https:\/\/www.camara.leg.br\/evento-legislativo\/72035\">Comiss\u00e3o da Amaz\u00f4nia e dos Povos Origin\u00e1rios e Tradicionais,<\/a> \u00e0s 14 horas no plen\u00e1rio 12.<br \/>\n<a href=\"https:\/\/www.camara.leg.br\/evento-legislativo\/72043\">Comiss\u00e3o de Administra\u00e7\u00e3o e Servi\u00e7o P\u00fablico<\/a>, \u00e0s 15 horas, plen\u00e1rio 8.<\/p>\n<p>Amanh\u00e3 ser\u00e1 a vez dos seguintes colegiados:<\/p>\n<p><a href=\"https:\/\/www.camara.leg.br\/evento-legislativo\/72029\">Comiss\u00e3o de Integra\u00e7\u00e3o Nacional e Desenvolvimento Regional<\/a>, \u00e0s 10 horas no plen\u00e1rio 15.<br \/>\n<a href=\"https:\/\/www.camara.leg.br\/evento-legislativo\/72033\">Comiss\u00e3o de Ci\u00eancia, Tecnologia e Inova\u00e7\u00e3o<\/a>, \u00e0s 10 horas, no plen\u00e1rio 13.<br \/>\n<a href=\"https:\/\/www.camara.leg.br\/evento-legislativo\/72044\">Comiss\u00e3o de Comunica\u00e7\u00e3o<\/a>, \u00e0s 14 horas, no plen\u00e1rio 11.<\/p>\n<p><strong>Elei\u00e7\u00e3o<\/strong><br \/>\nOutras tr\u00eas comiss\u00f5es que foram instalados na semana passada tamb\u00e9m v\u00e3o se reunir na quarta para eleger seus presidentes:<\/p>\n<p><a href=\"https:\/\/www.camara.leg.br\/evento-legislativo\/72045\">Comiss\u00e3o de Turismo<\/a>, plen\u00e1rio 5, \u00e0s 14 horas.<br \/>\n<a href=\"https:\/\/www.camara.leg.br\/evento-legislativo\/72036\">Comiss\u00e3o de Minas e Energia<\/a>, no plen\u00e1rio 14, \u00e0s 10 horas.<br \/>\n<a href=\"https:\/\/www.camara.leg.br\/evento-legislativo\/71548\">Comiss\u00e3o de Defesa dos Direitos da Mulheres<\/a>, no plen\u00e1rio 14, \u00e0s 13h30.<\/p>\n<p>Na semana passada, foram <a href=\"https:\/\/www.camara.leg.br\/noticias\/1040708-eleitos-presidentes-de-19-das-30-comissoes-permanentes-da-camaraa\/\">eleitos os dirigentes de 19\u00a0<\/a>comiss\u00f5es permanentes da C\u00e2mara dos Deputados<\/p>","protected":false},"excerpt":{"rendered":"<p>Bruno Spada \/ C\u00e2mara dos Deputadas Reuni\u00e3o da Comiss\u00e3o da Amaz\u00f4nia realizada em 2023 Duas comiss\u00f5es da C\u00e2mara dos Deputados dever\u00e3o ser instaladas e eleger seus presidentes nesta ter\u00e7a-feira. S\u00e3o elas: Comiss\u00e3o da Amaz\u00f4nia e dos Povos Origin\u00e1rios e Tradicionais, \u00e0s 14 horas no plen\u00e1rio 12. Comiss\u00e3o de Administra\u00e7\u00e3o e Servi\u00e7o P\u00fablico, \u00e0s 15 horas, [&hellip;]<\/p>\n","protected":false},"author":0,"featured_media":0,"comment_status":"open","ping_status":"open","sticky":false,"template":"","format":"standard","meta":{"footnotes":""},"categories":[1],"tags":[],"_links":{"self":[{"href":"https:\/\/jeffersonisac.adv.br\/index.php\/wp-json\/wp\/v2\/posts\/4989"}],"collection":[{"href":"https:\/\/jeffersonisac.adv.br\/index.php\/wp-json\/wp\/v2\/posts"}],"about":[{"href":"https:\/\/jeffersonisac.adv.br\/index.php\/wp-json\/wp\/v2\/types\/post"}],"replies":[{"embeddable":true,"href":"https:\/\/jeffersonisac.adv.br\/index.php\/wp-json\/wp\/v2\/comments?post=4989"}],"version-history":[{"count":0,"href":"https:\/\/jeffersonisac.adv.br\/index.php\/wp-json\/wp\/v2\/posts\/4989\/revisions"}],"wp:attachment":[{"href":"https:\/\/jeffersonisac.adv.br\/index.php\/wp-json\/wp\/v2\/media?parent=4989"}],"wp:term":[{"taxonomy":"category","embeddable":true,"href":"https:\/\/jeffersonisac.adv.br\/index.php\/wp-json\/wp\/v2\/categories?post=4989"},{"taxonomy":"post_tag","embeddable":true,"href":"https:\/\/jeffersonisac.adv.br\/index.php\/wp-json\/wp\/v2\/tags?post=4989"}],"curies":[{"name":"wp","href":"https:\/\/api.w.org\/{rel}","templated":true}]}}