{"id":5028,"date":"2024-03-13T17:54:02","date_gmt":"2024-03-13T20:54:02","guid":{"rendered":"https:\/\/jeffersonisac.adv.br\/index.php\/2024\/03\/13\/silas-camara-e-eleito-presidente-da-comissao-de-comunicacao\/"},"modified":"2024-03-13T17:54:02","modified_gmt":"2024-03-13T20:54:02","slug":"silas-camara-e-eleito-presidente-da-comissao-de-comunicacao","status":"publish","type":"post","link":"https:\/\/jeffersonisac.adv.br\/index.php\/2024\/03\/13\/silas-camara-e-eleito-presidente-da-comissao-de-comunicacao\/","title":{"rendered":"Silas C\u00e2mara \u00e9 eleito presidente da Comiss\u00e3o de Comunica\u00e7\u00e3o"},"content":{"rendered":"<div class=\"image-container\">\n<div class=\"midia-creditos\"><em>Vinicius Loures\/C\u00e2mara dos Deputados<\/em><\/div>\n<div class=\"media-wrapper\"><\/div>\n<div class=\"midia-legenda\">Silas C\u00e2mara: comunica\u00e7\u00e3o \u00e9 pe\u00e7a importante da democracia<\/div>\n<\/div>\n<p>O deputado Silas C\u00e2mara (Republicanos-AM) foi eleito nesta quarta-feira (13) presidente da Comiss\u00e3o de Comunica\u00e7\u00e3o da C\u00e2mara dos Deputados. Ele recebeu 19 votos de um total de 20\u00a0 \u2013 um voto em branco.<\/p>\n<p>Tamb\u00e9m foram eleitos, com a mesma vota\u00e7\u00e3o, os deputados Dani Cunha (Uni\u00e3o-RJ), 1\u00aa vice-presidente; Fred Linhares (Republicanos-DF), 2\u00ba vice-presidente; e Marcos Tavares (PDT-RJ), 3\u00ba vice-presidente.<\/p>\n<p>O novo presidente da comiss\u00e3o promete um ano de intensos trabalhos mesmo com o calend\u00e1rio eleitoral no segundo semestre. &#8220;Com certeza, a comunica\u00e7\u00e3o sempre ser\u00e1 um pe\u00e7a importante da democracia e, nesta casa, esta comiss\u00e3o presta um grande trabalho para a democracia brasileira&#8221;, disse Silas C\u00e2mara.<\/p>\n<p>Ele substitui no cargo o deputado Amaro Neto (Republicanos-ES).<\/p>\n<p><strong>Perfil<br \/>\n<\/strong>Silas C\u00e2mara nasceu em Rio Branco, no Acre, \u00e9 pastor evang\u00e9lico, jornalista e te\u00f3logo. Atualmente no s\u00e9timo mandato de deputado federal, tem atua\u00e7\u00e3o nas \u00e1reas de seguran\u00e7a p\u00fablica, sa\u00fade, educa\u00e7\u00e3o, gera\u00e7\u00e3o de emprego e renda e justi\u00e7a social.<\/p>\n<p>Na C\u00e2mara, j\u00e1 foi presidente das comiss\u00f5es de Minas e Energia; Desenvolvimento Urbano; e da Amaz\u00f4nia, Integra\u00e7\u00e3o Nacional e de Desenvolvimento Regional.\u00a0 \u00c9 casado com a economista, mission\u00e1ria e tamb\u00e9m deputada federal pelo mesmo partido Ant\u00f4nia L\u00facia (Republicanos-AC).<\/p>\n<p><strong>O que faz a comiss\u00e3o<br \/>\n<\/strong>O colegiado foi desmembrado da Comiss\u00e3o de Ci\u00eancia e Tecnologia, Comunica\u00e7\u00e3o e Inform\u00e1tica. A mudan\u00e7a foi aprovada pelos deputados em fevereiro do ano passado.<\/p>\n<p>A Comiss\u00e3o de Comunica\u00e7\u00e3o debate e vota os seguintes temas:<\/p>\n<p>meios de comunica\u00e7\u00e3o social, liberdade de imprensa e redes sociais;<br \/>\nprodu\u00e7\u00e3o e programa\u00e7\u00e3o das emissoras de r\u00e1dio e televis\u00e3o;<br \/>\noutorga e renova\u00e7\u00e3o da explora\u00e7\u00e3o de servi\u00e7os de radiodifus\u00e3o sonora e de sons e imagens;<br \/>\nassuntos relativos a comunica\u00e7\u00e3o, telecomunica\u00e7\u00f5es e internet;<br \/>\nservi\u00e7os postais e de comunica\u00e7\u00e3o, radiodifus\u00e3o, telecomunica\u00e7\u00f5es e internet;<br \/>\npol\u00edtica nacional de telecomunica\u00e7\u00f5es;<br \/>\nregime jur\u00eddico das telecomunica\u00e7\u00f5es; e<br \/>\naspectos relativos a servi\u00e7os de comunica\u00e7\u00e3o, aplica\u00e7\u00f5es, dados, meios e redes digitais.<\/p>","protected":false},"excerpt":{"rendered":"<p>Vinicius Loures\/C\u00e2mara dos Deputados Silas C\u00e2mara: comunica\u00e7\u00e3o \u00e9 pe\u00e7a importante da democracia O deputado Silas C\u00e2mara (Republicanos-AM) foi eleito nesta quarta-feira (13) presidente da Comiss\u00e3o de Comunica\u00e7\u00e3o da C\u00e2mara dos Deputados. Ele recebeu 19 votos de um total de 20\u00a0 \u2013 um voto em branco. Tamb\u00e9m foram eleitos, com a mesma vota\u00e7\u00e3o, os deputados Dani [&hellip;]<\/p>\n","protected":false},"author":0,"featured_media":0,"comment_status":"open","ping_status":"open","sticky":false,"template":"","format":"standard","meta":{"footnotes":""},"categories":[1],"tags":[],"_links":{"self":[{"href":"https:\/\/jeffersonisac.adv.br\/index.php\/wp-json\/wp\/v2\/posts\/5028"}],"collection":[{"href":"https:\/\/jeffersonisac.adv.br\/index.php\/wp-json\/wp\/v2\/posts"}],"about":[{"href":"https:\/\/jeffersonisac.adv.br\/index.php\/wp-json\/wp\/v2\/types\/post"}],"replies":[{"embeddable":true,"href":"https:\/\/jeffersonisac.adv.br\/index.php\/wp-json\/wp\/v2\/comments?post=5028"}],"version-history":[{"count":0,"href":"https:\/\/jeffersonisac.adv.br\/index.php\/wp-json\/wp\/v2\/posts\/5028\/revisions"}],"wp:attachment":[{"href":"https:\/\/jeffersonisac.adv.br\/index.php\/wp-json\/wp\/v2\/media?parent=5028"}],"wp:term":[{"taxonomy":"category","embeddable":true,"href":"https:\/\/jeffersonisac.adv.br\/index.php\/wp-json\/wp\/v2\/categories?post=5028"},{"taxonomy":"post_tag","embeddable":true,"href":"https:\/\/jeffersonisac.adv.br\/index.php\/wp-json\/wp\/v2\/tags?post=5028"}],"curies":[{"name":"wp","href":"https:\/\/api.w.org\/{rel}","templated":true}]}}