{"id":5066,"date":"2024-03-15T11:49:00","date_gmt":"2024-03-15T14:49:00","guid":{"rendered":"https:\/\/jeffersonisac.adv.br\/index.php\/2024\/03\/15\/projeto-autoriza-monetizacao-de-plataformas-digitais-de-orgaos-publicos\/"},"modified":"2024-03-15T11:49:00","modified_gmt":"2024-03-15T14:49:00","slug":"projeto-autoriza-monetizacao-de-plataformas-digitais-de-orgaos-publicos","status":"publish","type":"post","link":"https:\/\/jeffersonisac.adv.br\/index.php\/2024\/03\/15\/projeto-autoriza-monetizacao-de-plataformas-digitais-de-orgaos-publicos\/","title":{"rendered":"Projeto autoriza monetiza\u00e7\u00e3o de plataformas digitais de \u00f3rg\u00e3os p\u00fablicos"},"content":{"rendered":"<div class=\"image-container\">\n<div class=\"midia-creditos\"><em>Zeca Ribeiro\/C\u00e2mara dos Deputados<\/em><\/div>\n<div class=\"media-wrapper\"><\/div>\n<div class=\"midia-legenda\">Aureo Ribeiro \u00e9 o autor da proposta<\/div>\n<\/div>\n<p><span>O Projeto de Lei 573\/24 autoriza \u00f3rg\u00e3os p\u00fablicos a monetizarem seus conte\u00fados digitais (inclusive perfis em redes sociais) para que os recursos arrecadados financiem fundos federal, estaduais e municipais de cultura.\u00a0<\/span><\/p>\n<p><span>Pela proposta, que est\u00e1 em an\u00e1lise na C\u00e2mara dos Deputados, os valores arrecadados dever\u00e3o ser destinados ao fundo de cultura do ente federativo do \u00f3rg\u00e3o. <\/span><span>Caber\u00e1 ao Poder Executivo Federal regulamentar a pr\u00e1tica.\u00a0<\/span><\/p>\n<p><span>\u201cMonetizar canais, perfis, p\u00e1ginas e conte\u00fados digitais pode ser uma importante fonte de recursos para os fundos federal, estaduais e municipais de cultura\u201d, afirma o deputado Aureo Ribeiro (Solidariedade-RJ), autor da proposta.\u00a0<\/span><\/p>\n<p><span>\u201cEsses recursos podem ser utilizados para financiar projetos culturais, fomentar a produ\u00e7\u00e3o cultural, investir na forma\u00e7\u00e3o de artistas e profissionais da cultura, e promover a cultura em todo o Pa\u00eds\u201d, acrescenta. Ele relata que a<\/span><span>\u00a0medida foi sugerida por secret\u00e1rios de cultura municipais do Rio de Janeiro.\u00a0\u00a0<\/span><\/p>\n<p><strong>Tramita\u00e7\u00e3o<br \/>\n<\/strong><span>A proposta ser\u00e1 analisada em <span class=\"termoGlossario\">car\u00e1ter conclusivo<\/span> pelas comiss\u00f5es de Cultura; de Comunica\u00e7\u00e3o; de Finan\u00e7as e Tributa\u00e7\u00e3o; e de Constitui\u00e7\u00e3o e Justi\u00e7a e de Cidadania.<\/span><\/p>\n<p><a href=\"https:\/\/www.camara.leg.br\/noticias\/573454-SAIBA-MAIS-SOBRE-A-TRAMITACAO-DE-PROJETOS-DE-LEI\">Saiba mais sobre a tramita\u00e7\u00e3o de projetos de lei<\/a><\/p>","protected":false},"excerpt":{"rendered":"<p>Zeca Ribeiro\/C\u00e2mara dos Deputados Aureo Ribeiro \u00e9 o autor da proposta O Projeto de Lei 573\/24 autoriza \u00f3rg\u00e3os p\u00fablicos a monetizarem seus conte\u00fados digitais (inclusive perfis em redes sociais) para que os recursos arrecadados financiem fundos federal, estaduais e municipais de cultura.\u00a0 Pela proposta, que est\u00e1 em an\u00e1lise na C\u00e2mara dos Deputados, os valores arrecadados [&hellip;]<\/p>\n","protected":false},"author":0,"featured_media":0,"comment_status":"open","ping_status":"open","sticky":false,"template":"","format":"standard","meta":{"footnotes":""},"categories":[1],"tags":[],"_links":{"self":[{"href":"https:\/\/jeffersonisac.adv.br\/index.php\/wp-json\/wp\/v2\/posts\/5066"}],"collection":[{"href":"https:\/\/jeffersonisac.adv.br\/index.php\/wp-json\/wp\/v2\/posts"}],"about":[{"href":"https:\/\/jeffersonisac.adv.br\/index.php\/wp-json\/wp\/v2\/types\/post"}],"replies":[{"embeddable":true,"href":"https:\/\/jeffersonisac.adv.br\/index.php\/wp-json\/wp\/v2\/comments?post=5066"}],"version-history":[{"count":0,"href":"https:\/\/jeffersonisac.adv.br\/index.php\/wp-json\/wp\/v2\/posts\/5066\/revisions"}],"wp:attachment":[{"href":"https:\/\/jeffersonisac.adv.br\/index.php\/wp-json\/wp\/v2\/media?parent=5066"}],"wp:term":[{"taxonomy":"category","embeddable":true,"href":"https:\/\/jeffersonisac.adv.br\/index.php\/wp-json\/wp\/v2\/categories?post=5066"},{"taxonomy":"post_tag","embeddable":true,"href":"https:\/\/jeffersonisac.adv.br\/index.php\/wp-json\/wp\/v2\/tags?post=5066"}],"curies":[{"name":"wp","href":"https:\/\/api.w.org\/{rel}","templated":true}]}}