{"id":5075,"date":"2024-03-18T11:06:19","date_gmt":"2024-03-18T14:06:19","guid":{"rendered":"https:\/\/jeffersonisac.adv.br\/index.php\/2024\/03\/18\/projeto-preve-assistencia-juridica-gratuita-a-agentes-de-seguranca-publica\/"},"modified":"2024-03-18T11:06:19","modified_gmt":"2024-03-18T14:06:19","slug":"projeto-preve-assistencia-juridica-gratuita-a-agentes-de-seguranca-publica","status":"publish","type":"post","link":"https:\/\/jeffersonisac.adv.br\/index.php\/2024\/03\/18\/projeto-preve-assistencia-juridica-gratuita-a-agentes-de-seguranca-publica\/","title":{"rendered":"Projeto prev\u00ea assist\u00eancia jur\u00eddica gratuita a agentes de seguran\u00e7a p\u00fablica"},"content":{"rendered":"<div class=\"image-container\">\n<div class=\"midia-creditos\"><em>Bruno Spada\/C\u00e2mara dos Deputados<\/em><\/div>\n<div class=\"media-wrapper\"><\/div>\n<div class=\"midia-legenda\">Allan Garc\u00eas \u00e9 o autor da proposta<\/div>\n<\/div>\n<p>O Projeto de Lei 574\/24 torna obrigat\u00f3ria a oferta, pela administra\u00e7\u00e3o p\u00fablica, de assist\u00eancia jur\u00eddica gratuita aos agentes de seguran\u00e7a p\u00fablica. A medida vale para os casos de processos administrativos disciplinares e judiciais relacionados ao exerc\u00edcio do cargo. A C\u00e2mara dos Deputados analisa a proposta.<\/p>\n<p>Segundo o texto, essa assist\u00eancia poder\u00e1 ser prestada, alternativamente, por meio de conv\u00eanio com as defensorias p\u00fablicas e com o Conselho Federal da Ordem dos Advogados do Brasil.<\/p>\n<p><strong>Dedu\u00e7\u00e3o do IR<br \/>\n<\/strong>A proposta prev\u00ea ainda que os agentes de seguran\u00e7a p\u00fablica \u2013 policiais federais, rodovi\u00e1rios, ferrovi\u00e1rios, civis, penais, bombeiros e guardas municipais \u2013 tenham a op\u00e7\u00e3o de deduzir do imposto de renda os valores gastos com honor\u00e1rios advocat\u00edcios com os mesmos tipos de processos.<\/p>\n<p>\u201c\u00c9 comum que esses agentes se envolvam diretamente em a\u00e7\u00f5es para combater o crime que, eventualmente, originam processos administrativos, disciplinares ou judiciais relacionados ao exerc\u00edcio regular da fun\u00e7\u00e3o p\u00fablica, obrigando a contrata\u00e7\u00e3o de profissional do direito para realizar sua defesa t\u00e9cnica\u201d, justifica o autor da proposta, deputado Dr. Allan Garc\u00eas (PP-MA).<\/p>\n<p><strong>Tramita\u00e7\u00e3o<\/strong><br \/>\nO projeto ser\u00e1 analisado, em <span class=\"termoGlossario\">car\u00e1ter conclusivo<\/span>, pelas comiss\u00f5es de Seguran\u00e7a P\u00fablica e Combate ao Crime Organizado; de Finan\u00e7as e Tributa\u00e7\u00e3o; e de Constitui\u00e7\u00e3o e Justi\u00e7a e de Cidadania.<\/p>\n<p><a href=\"https:\/\/www.camara.leg.br\/noticias\/573454-SAIBA-MAIS-SOBRE-A-TRAMITACAO-DE-PROJETOS-DE-LEI\">Saiba mais sobre a tramita\u00e7\u00e3o de projetos de lei<\/a><\/p>","protected":false},"excerpt":{"rendered":"<p>Bruno Spada\/C\u00e2mara dos Deputados Allan Garc\u00eas \u00e9 o autor da proposta O Projeto de Lei 574\/24 torna obrigat\u00f3ria a oferta, pela administra\u00e7\u00e3o p\u00fablica, de assist\u00eancia jur\u00eddica gratuita aos agentes de seguran\u00e7a p\u00fablica. A medida vale para os casos de processos administrativos disciplinares e judiciais relacionados ao exerc\u00edcio do cargo. A C\u00e2mara dos Deputados analisa a [&hellip;]<\/p>\n","protected":false},"author":0,"featured_media":0,"comment_status":"open","ping_status":"open","sticky":false,"template":"","format":"standard","meta":{"footnotes":""},"categories":[1],"tags":[],"_links":{"self":[{"href":"https:\/\/jeffersonisac.adv.br\/index.php\/wp-json\/wp\/v2\/posts\/5075"}],"collection":[{"href":"https:\/\/jeffersonisac.adv.br\/index.php\/wp-json\/wp\/v2\/posts"}],"about":[{"href":"https:\/\/jeffersonisac.adv.br\/index.php\/wp-json\/wp\/v2\/types\/post"}],"replies":[{"embeddable":true,"href":"https:\/\/jeffersonisac.adv.br\/index.php\/wp-json\/wp\/v2\/comments?post=5075"}],"version-history":[{"count":0,"href":"https:\/\/jeffersonisac.adv.br\/index.php\/wp-json\/wp\/v2\/posts\/5075\/revisions"}],"wp:attachment":[{"href":"https:\/\/jeffersonisac.adv.br\/index.php\/wp-json\/wp\/v2\/media?parent=5075"}],"wp:term":[{"taxonomy":"category","embeddable":true,"href":"https:\/\/jeffersonisac.adv.br\/index.php\/wp-json\/wp\/v2\/categories?post=5075"},{"taxonomy":"post_tag","embeddable":true,"href":"https:\/\/jeffersonisac.adv.br\/index.php\/wp-json\/wp\/v2\/tags?post=5075"}],"curies":[{"name":"wp","href":"https:\/\/api.w.org\/{rel}","templated":true}]}}