{"id":5103,"date":"2024-03-19T18:41:39","date_gmt":"2024-03-19T21:41:39","guid":{"rendered":"https:\/\/jeffersonisac.adv.br\/index.php\/2024\/03\/19\/projeto-preve-carteira-de-trabalho-impressa-para-trabalhador-que-pedir\/"},"modified":"2024-03-19T18:41:39","modified_gmt":"2024-03-19T21:41:39","slug":"projeto-preve-carteira-de-trabalho-impressa-para-trabalhador-que-pedir","status":"publish","type":"post","link":"https:\/\/jeffersonisac.adv.br\/index.php\/2024\/03\/19\/projeto-preve-carteira-de-trabalho-impressa-para-trabalhador-que-pedir\/","title":{"rendered":"Projeto prev\u00ea carteira de trabalho impressa para trabalhador que pedir"},"content":{"rendered":"<div class=\"image-container\">\n<div class=\"midia-creditos\"><em>Vinicius Loures\/C\u00e2mara dos Deputados<\/em><\/div>\n<div class=\"media-wrapper\"><\/div>\n<div class=\"midia-legenda\">O autor, deputado Luciano Ducci<\/div>\n<\/div>\n<p>O Projeto de Lei 509\/24 prev\u00ea que a Carteira de Trabalho e Previd\u00eancia Social ser\u00e1 emitida em meio f\u00edsico mediante solicita\u00e7\u00e3o expressa do trabalhador, ap\u00f3s comprova\u00e7\u00e3o de necessidade ou de impossibilidade de acesso \u00e0 vers\u00e3o digital.<\/p>\n<p>O texto em an\u00e1lise na C\u00e2mara dos Deputados altera a <a href=\"https:\/\/www2.camara.leg.br\/legin\/fed\/declei\/1940-1949\/decreto-lei-5452-1-maio-1943-415500-norma-pe.html\">Consolida\u00e7\u00e3o das Leis do Trabalho (CLT)<\/a>. Atualmente, essa norma determina apenas a emiss\u00e3o eletr\u00f4nica da carteira de trabalho, salvo em tr\u00eas situa\u00e7\u00f5es excepcionais:<\/p>\n<p>nas unidades descentralizadas do governo federal que forem habilitadas para a emiss\u00e3o;<br \/>\nmediante conv\u00eanio, por \u00f3rg\u00e3os federais, estaduais e municipais da administra\u00e7\u00e3o direta ou indireta; e<br \/>\nmediante conv\u00eanio com servi\u00e7os notariais e de registro, sem custos para a administra\u00e7\u00e3o, garantidas as condi\u00e7\u00f5es de seguran\u00e7a das informa\u00e7\u00f5es.<\/p>\n<p>\u201cNem todos os trabalhadores t\u00eam acesso \u00e0 internet ou a celulares compat\u00edveis com a carteira de trabalho digital\u201d, disse o autor da proposta, deputado Luciano Ducci (PSB-PR). \u201cAl\u00e9m disso, alguns podem preferir ter o documento em papel.\u201d<\/p>\n<p><strong>Tramita\u00e7\u00e3o<\/strong><br \/>\nO projeto tramita em <span class=\"termoGlossario\">car\u00e1ter conclusivo<\/span> e ser\u00e1 analisado pelas comiss\u00f5es de Trabalho; de Finan\u00e7as e Tributa\u00e7\u00e3o; e de Constitui\u00e7\u00e3o e Justi\u00e7a e de Cidadania.<\/p>\n<p><a href=\"https:\/\/www.camara.leg.br\/noticias\/573454-SAIBA-MAIS-SOBRE-A-TRAMITACAO-DE-PROJETOS-DE-LEI\">Saiba mais sobre a tramita\u00e7\u00e3o de projetos de lei<\/a><\/p>","protected":false},"excerpt":{"rendered":"<p>Vinicius Loures\/C\u00e2mara dos Deputados O autor, deputado Luciano Ducci O Projeto de Lei 509\/24 prev\u00ea que a Carteira de Trabalho e Previd\u00eancia Social ser\u00e1 emitida em meio f\u00edsico mediante solicita\u00e7\u00e3o expressa do trabalhador, ap\u00f3s comprova\u00e7\u00e3o de necessidade ou de impossibilidade de acesso \u00e0 vers\u00e3o digital. O texto em an\u00e1lise na C\u00e2mara dos Deputados altera a [&hellip;]<\/p>\n","protected":false},"author":0,"featured_media":0,"comment_status":"open","ping_status":"open","sticky":false,"template":"","format":"standard","meta":{"footnotes":""},"categories":[1],"tags":[],"_links":{"self":[{"href":"https:\/\/jeffersonisac.adv.br\/index.php\/wp-json\/wp\/v2\/posts\/5103"}],"collection":[{"href":"https:\/\/jeffersonisac.adv.br\/index.php\/wp-json\/wp\/v2\/posts"}],"about":[{"href":"https:\/\/jeffersonisac.adv.br\/index.php\/wp-json\/wp\/v2\/types\/post"}],"replies":[{"embeddable":true,"href":"https:\/\/jeffersonisac.adv.br\/index.php\/wp-json\/wp\/v2\/comments?post=5103"}],"version-history":[{"count":0,"href":"https:\/\/jeffersonisac.adv.br\/index.php\/wp-json\/wp\/v2\/posts\/5103\/revisions"}],"wp:attachment":[{"href":"https:\/\/jeffersonisac.adv.br\/index.php\/wp-json\/wp\/v2\/media?parent=5103"}],"wp:term":[{"taxonomy":"category","embeddable":true,"href":"https:\/\/jeffersonisac.adv.br\/index.php\/wp-json\/wp\/v2\/categories?post=5103"},{"taxonomy":"post_tag","embeddable":true,"href":"https:\/\/jeffersonisac.adv.br\/index.php\/wp-json\/wp\/v2\/tags?post=5103"}],"curies":[{"name":"wp","href":"https:\/\/api.w.org\/{rel}","templated":true}]}}