{"id":5106,"date":"2024-03-19T18:41:39","date_gmt":"2024-03-19T21:41:39","guid":{"rendered":"https:\/\/jeffersonisac.adv.br\/index.php\/2024\/03\/19\/comissao-de-seguranca-publica-aprova-convite-para-lewandowski-explicar-fuga-de-presos-em-mossoro\/"},"modified":"2024-03-19T18:41:39","modified_gmt":"2024-03-19T21:41:39","slug":"comissao-de-seguranca-publica-aprova-convite-para-lewandowski-explicar-fuga-de-presos-em-mossoro","status":"publish","type":"post","link":"https:\/\/jeffersonisac.adv.br\/index.php\/2024\/03\/19\/comissao-de-seguranca-publica-aprova-convite-para-lewandowski-explicar-fuga-de-presos-em-mossoro\/","title":{"rendered":"Comiss\u00e3o de Seguran\u00e7a P\u00fablica aprova convite para Lewandowski explicar fuga de presos em Mossor\u00f3"},"content":{"rendered":"<div class=\"image-container\">\n<div class=\"midia-creditos\"><em>Vinicius Loures\/C\u00e2mara dos Deputados<\/em><\/div>\n<div class=\"media-wrapper\"><\/div>\n<div class=\"midia-legenda\">Alberto Fraga: convoca\u00e7\u00e3o deve ser utilizada caso o ministro se negue a comparecer<\/div>\n<\/div>\n<p>A Comiss\u00e3o de Seguran\u00e7a P\u00fablica da C\u00e2mara dos Deputados aprovou, nesta ter\u00e7a-feira (19), convite para o comparecimento do ministro da Justi\u00e7a e Seguran\u00e7a P\u00fablica, Ricardo Lewandowski, para prestar esclarecimentos sobre a fuga de detentos da Penitenci\u00e1ria Federal de Seguran\u00e7a M\u00e1xima de Mossor\u00f3 (RN), entre outros assuntos, bem como o planejamento da pasta para 2024.<\/p>\n<p>V\u00e1rios requerimentos de convoca\u00e7\u00e3o do ministro constavam na pauta do colegiado. O presidente da comiss\u00e3o, deputado Alberto Fraga (PL-DF), no entanto, sugeriu a transforma\u00e7\u00e3o das convoca\u00e7\u00f5es em convite. Segundo ele, o instrumento da convoca\u00e7\u00e3o deve ser utilizado caso o ministro se negue a comparecer.<\/p>\n<p>Fraga e outros deputados lamentaram que o governo tenha destinado emenda de R$ 1 milh\u00e3o para a Comiss\u00e3o de Seguran\u00e7a P\u00fablica, valor considerado baixo. As comiss\u00f5es permanentes da C\u00e2mara t\u00eam direito a uma cota de emendas no Or\u00e7amento federal de cada ano.<\/p>","protected":false},"excerpt":{"rendered":"<p>Vinicius Loures\/C\u00e2mara dos Deputados Alberto Fraga: convoca\u00e7\u00e3o deve ser utilizada caso o ministro se negue a comparecer A Comiss\u00e3o de Seguran\u00e7a P\u00fablica da C\u00e2mara dos Deputados aprovou, nesta ter\u00e7a-feira (19), convite para o comparecimento do ministro da Justi\u00e7a e Seguran\u00e7a P\u00fablica, Ricardo Lewandowski, para prestar esclarecimentos sobre a fuga de detentos da Penitenci\u00e1ria Federal de [&hellip;]<\/p>\n","protected":false},"author":0,"featured_media":0,"comment_status":"open","ping_status":"open","sticky":false,"template":"","format":"standard","meta":{"footnotes":""},"categories":[1],"tags":[],"_links":{"self":[{"href":"https:\/\/jeffersonisac.adv.br\/index.php\/wp-json\/wp\/v2\/posts\/5106"}],"collection":[{"href":"https:\/\/jeffersonisac.adv.br\/index.php\/wp-json\/wp\/v2\/posts"}],"about":[{"href":"https:\/\/jeffersonisac.adv.br\/index.php\/wp-json\/wp\/v2\/types\/post"}],"replies":[{"embeddable":true,"href":"https:\/\/jeffersonisac.adv.br\/index.php\/wp-json\/wp\/v2\/comments?post=5106"}],"version-history":[{"count":0,"href":"https:\/\/jeffersonisac.adv.br\/index.php\/wp-json\/wp\/v2\/posts\/5106\/revisions"}],"wp:attachment":[{"href":"https:\/\/jeffersonisac.adv.br\/index.php\/wp-json\/wp\/v2\/media?parent=5106"}],"wp:term":[{"taxonomy":"category","embeddable":true,"href":"https:\/\/jeffersonisac.adv.br\/index.php\/wp-json\/wp\/v2\/categories?post=5106"},{"taxonomy":"post_tag","embeddable":true,"href":"https:\/\/jeffersonisac.adv.br\/index.php\/wp-json\/wp\/v2\/tags?post=5106"}],"curies":[{"name":"wp","href":"https:\/\/api.w.org\/{rel}","templated":true}]}}