{"id":5195,"date":"2024-03-25T12:47:29","date_gmt":"2024-03-25T15:47:29","guid":{"rendered":"https:\/\/jeffersonisac.adv.br\/index.php\/2024\/03\/25\/prisao-do-deputado-chiquinho-brazao-acusado-de-mandar-matar-marielle-repercute-entre-parlamentares\/"},"modified":"2024-03-25T12:47:29","modified_gmt":"2024-03-25T15:47:29","slug":"prisao-do-deputado-chiquinho-brazao-acusado-de-mandar-matar-marielle-repercute-entre-parlamentares","status":"publish","type":"post","link":"https:\/\/jeffersonisac.adv.br\/index.php\/2024\/03\/25\/prisao-do-deputado-chiquinho-brazao-acusado-de-mandar-matar-marielle-repercute-entre-parlamentares\/","title":{"rendered":"Pris\u00e3o do deputado Chiquinho Braz\u00e3o, acusado de mandar matar Marielle, repercute entre parlamentares"},"content":{"rendered":"<div class=\"image-container\">\n<div class=\"midia-creditos\"><em>Dayane Pires\/C\u00e2mara Municipal do RJ<\/em><\/div>\n<div class=\"media-wrapper\"><\/div>\n<div class=\"midia-legenda\">Marielle Franco foi morta h\u00e1 seis anos, mas os supostos mandantes s\u00f3 foram presos ontem<\/div>\n<\/div>\n<p>Parlamentares de diversos partidos pronunciaram-se nesta segunda-feira (25) em suas redes sociais sobre a pris\u00e3o do deputado Chiquinho Braz\u00e3o (RJ), acusado de mandar matar a vereadora Marielle Franco e seu motorista, Anderson Gomes, em 2018.<\/p>\n<p>Braz\u00e3o, que era vereador do Rio de Janeiro na \u00e9poca, foi preso no \u00faltimo domingo (24) com outras duas pessoas. Horas depois da pris\u00e3o, a Executiva Nacional do Uni\u00e3o Brasil expulsou o deputado da legenda.<\/p>\n<p>A l\u00edder do Psol, deputada Erika Hilton (Psol-SP), afirmou que o assassinato de Marielle e de Anderson foi um crime brutal que abalou as estruturas democr\u00e1ticas do Pa\u00eds. \u201cA solu\u00e7\u00e3o desse crime, sobre quem mandou matar e por que, \u00e9 uma resposta para a democracia. Essa luta n\u00e3o \u00e9 apenas das fam\u00edlias, mas de todos e todas do Brasil\u201d, disse Erika.<\/p>\n<p>O l\u00edder da <span class=\"termoGlossario\">minoria<\/span>, deputado Carlos Jordy (PL-RJ), tamb\u00e9m se pronunciou sobre o caso. \u201cN\u00e3o sei o que revolta mais: esquerdistas calados, preferindo ficar em sil\u00eancio porque acabou a narrativa; ou esquerdistas &#8216;comemorando&#8217; a pris\u00e3o, mas esquecendo-se de pedir desculpas a Bolsonaro por tantas acusa\u00e7\u00f5es levianas e criminosas\u201d, criticou.<\/p>\n<p>O deputado Mauricio Marcon (Pode-RS) tamb\u00e9m afirmou que o ex-presidente Bolsonaro foi atacado por anos injustamente. \u201cTodavia, hoje a Pol\u00edcia Federal prendeu os verdadeiros criminosos, pessoas ligadas \u00e0 mil\u00edcia.\u201d<\/p>\n<p><strong>Dia esperado<\/strong><br \/>\nO deputado Guilherme Boulos (Psol-SP) disse que a revela\u00e7\u00e3o dos nomes e a pris\u00e3o dos mandantes foram muito esperadas. \u201cAinda precisamos saber por que o general Braga Netto, que depois veio a ser ministro [da Casa Civil e da Defesa] e homem forte de Bolsonaro, indicou um criminoso para chefiar a pol\u00edcia carioca um dia antes do assassinato. De toda forma, o dia de hoje foi muito esperado nos \u00faltimos seis anos&#8221;, disse Boulos.<\/p>\n<p>A deputada L\u00eddice da Mata (PSB-BA), afirmou que uma das coisas mais impactantes foi a &#8220;desfa\u00e7atez&#8221; do delegado que investigava o caso. &#8220;Que crueldade, que coisa s\u00f3rdida\u201d, criticou. O delegado Rivaldo Barbosa, citado pela deputada, tamb\u00e9m foi preso no \u00faltimo domingo.<\/p>\n<p><strong>Viol\u00eancia pol\u00edtica e de g\u00eanero<\/strong><br \/>\nA deputada Gleisi Hoffman (PT-PR) destacou que a pris\u00e3o dos suspeitos de serem mandantes do assassinato de Marielle \u00e9 um marco na luta contra a viol\u00eancia pol\u00edtica e de g\u00eanero.<\/p>\n<p>\u201cQue sejam denunciados e julgados todos os envolvidos no crime, que tamb\u00e9m vitimou o Anderson. Trabalho s\u00e9rio da Pol\u00edcia Federal, em sintonia com o Minist\u00e9rio P\u00fablico e o STF, foi fundamental para que o Pa\u00eds e o mundo conhecessem a verdade, por tanto tempo ocultada\u201d, afirmou.<\/p>\n<p><strong>A pris\u00e3o<\/strong><br \/>\nO deputado Chiquinho Braz\u00e3o foi preso no \u00faltimo domingo (24) por decis\u00e3o do ministro do Supremo Tribunal Federal (STF) Alexandre Moraes. Tamb\u00e9m foram presos o conselheiro do Tribunal de Contas do Estado do Rio de Janeiro\u00a0 Domingos Braz\u00e3o, irm\u00e3o do parlamentar; e Rivaldo Barbosa, chefe da Pol\u00edcia Civil do Rio de Janeiro na \u00e9poca do crime.<\/p>\n<p><strong>Pr\u00f3ximos passos<\/strong><br \/>\nA pris\u00e3o de Chiquinho Braz\u00e3o precisa ser chancelada pela C\u00e2mara. De acordo com a Constitui\u00e7\u00e3o, um deputado s\u00f3 pode ser preso em flagrante de crime inafian\u00e7\u00e1vel. Nesse caso, a C\u00e2mara precisa referendar a pris\u00e3o por <span class=\"termoGlossario\">maioria absoluta<\/span>, em vota\u00e7\u00e3o aberta.<\/p>\n<p>O STF tem 24 horas para comunicar a C\u00e2mara da decis\u00e3o.<\/p>","protected":false},"excerpt":{"rendered":"<p>Dayane Pires\/C\u00e2mara Municipal do RJ Marielle Franco foi morta h\u00e1 seis anos, mas os supostos mandantes s\u00f3 foram presos ontem Parlamentares de diversos partidos pronunciaram-se nesta segunda-feira (25) em suas redes sociais sobre a pris\u00e3o do deputado Chiquinho Braz\u00e3o (RJ), acusado de mandar matar a vereadora Marielle Franco e seu motorista, Anderson Gomes, em 2018. [&hellip;]<\/p>\n","protected":false},"author":0,"featured_media":0,"comment_status":"open","ping_status":"open","sticky":false,"template":"","format":"standard","meta":{"footnotes":""},"categories":[1],"tags":[],"_links":{"self":[{"href":"https:\/\/jeffersonisac.adv.br\/index.php\/wp-json\/wp\/v2\/posts\/5195"}],"collection":[{"href":"https:\/\/jeffersonisac.adv.br\/index.php\/wp-json\/wp\/v2\/posts"}],"about":[{"href":"https:\/\/jeffersonisac.adv.br\/index.php\/wp-json\/wp\/v2\/types\/post"}],"replies":[{"embeddable":true,"href":"https:\/\/jeffersonisac.adv.br\/index.php\/wp-json\/wp\/v2\/comments?post=5195"}],"version-history":[{"count":0,"href":"https:\/\/jeffersonisac.adv.br\/index.php\/wp-json\/wp\/v2\/posts\/5195\/revisions"}],"wp:attachment":[{"href":"https:\/\/jeffersonisac.adv.br\/index.php\/wp-json\/wp\/v2\/media?parent=5195"}],"wp:term":[{"taxonomy":"category","embeddable":true,"href":"https:\/\/jeffersonisac.adv.br\/index.php\/wp-json\/wp\/v2\/categories?post=5195"},{"taxonomy":"post_tag","embeddable":true,"href":"https:\/\/jeffersonisac.adv.br\/index.php\/wp-json\/wp\/v2\/tags?post=5195"}],"curies":[{"name":"wp","href":"https:\/\/api.w.org\/{rel}","templated":true}]}}