{"id":5209,"date":"2024-03-26T06:41:33","date_gmt":"2024-03-26T09:41:33","guid":{"rendered":"https:\/\/jeffersonisac.adv.br\/index.php\/2024\/03\/26\/cancelada-audiencia-sobre-impacto-orcamentario-de-programa-de-ajuda-ao-setor-de-eventos\/"},"modified":"2024-03-26T06:41:33","modified_gmt":"2024-03-26T09:41:33","slug":"cancelada-audiencia-sobre-impacto-orcamentario-de-programa-de-ajuda-ao-setor-de-eventos","status":"publish","type":"post","link":"https:\/\/jeffersonisac.adv.br\/index.php\/2024\/03\/26\/cancelada-audiencia-sobre-impacto-orcamentario-de-programa-de-ajuda-ao-setor-de-eventos\/","title":{"rendered":"Cancelada audi\u00eancia sobre impacto or\u00e7ament\u00e1rio de programa de ajuda ao setor de eventos"},"content":{"rendered":"<div class=\"image-container\">\n<div class=\"midia-creditos\"><em>Vinicius Loures\/C\u00e2mara dos Deputados<\/em><\/div>\n<div class=\"media-wrapper\"><\/div>\n<div class=\"midia-legenda\">Mersinho Lucena apresentou pedido para a realiza\u00e7\u00e3o da audi\u00eancia<\/div>\n<\/div>\n<p>A Comiss\u00e3o de Cultura da C\u00e2mara dos Deputados cancelou a audi\u00eancia p\u00fablica que realizaria nesta ter\u00e7a-feira (26) para debater o impacto econ\u00f4mico do Programa Emergencial da Retomada do Setor de Eventos (Perse).<\/p>\n<p>O\u00a0 cancelamento foi motivado pelo fato de o Plen\u00e1rio da C\u00e2mara dos Deputados ter marcado uma <span class=\"termoGlossario\">Comiss\u00e3o Geral<\/span> na quarta-feira (27) para <a href=\"https:\/\/www.camara.leg.br\/noticias\/1046470-camara-debate-impactos-da-extincao-do-perse-para-os-setores-de-eventos\/\">debater como a extin\u00e7\u00e3o do Perse vai impactar o setor<\/a>. O fim do Perse \u00e9 tema das medidas provis\u00f3rias <a href=\"https:\/\/www.camara.leg.br\/noticias\/1029895-executivo-publica-medida-provisoria-que-limita-desoneracao-da-folha-de-pagamento\">1202\/23<\/a> e <a href=\"https:\/\/www.camara.leg.br\/noticias\/1038832-GOVERNO-REVOGA-TRECHO-DE-MP-E-GARANTE-DESONERACAO-DE-17-SETORES-DA-ECONOMIA\">1208\/24.<\/a><\/p>\n<p>O deputado Mersinho Lucena (PP-PB) \u00e9 o autor do pedido para a realiza\u00e7\u00e3o da audi\u00eancia na Comiss\u00e3o de Cultura. Ele cita diverg\u00eancias entre os dados relativos ao impacto or\u00e7ament\u00e1rio do programa e busca esclarecer a situa\u00e7\u00e3o.<\/p>\n<p>\u201cO governo federal, ao editar a Medida Provis\u00f3ria 1202\/23, que extingue o Perse, alegou que o programa apresenta um custo entre R$ 17 e R$ 32 bilh\u00f5es anuais, enquanto a previs\u00e3o or\u00e7ament\u00e1ria seria de pouco mais de R$ 5 bilh\u00f5es\u201d, destacou.<\/p>","protected":false},"excerpt":{"rendered":"<p>Vinicius Loures\/C\u00e2mara dos Deputados Mersinho Lucena apresentou pedido para a realiza\u00e7\u00e3o da audi\u00eancia A Comiss\u00e3o de Cultura da C\u00e2mara dos Deputados cancelou a audi\u00eancia p\u00fablica que realizaria nesta ter\u00e7a-feira (26) para debater o impacto econ\u00f4mico do Programa Emergencial da Retomada do Setor de Eventos (Perse). O\u00a0 cancelamento foi motivado pelo fato de o Plen\u00e1rio da [&hellip;]<\/p>\n","protected":false},"author":0,"featured_media":0,"comment_status":"open","ping_status":"open","sticky":false,"template":"","format":"standard","meta":{"footnotes":""},"categories":[1],"tags":[],"_links":{"self":[{"href":"https:\/\/jeffersonisac.adv.br\/index.php\/wp-json\/wp\/v2\/posts\/5209"}],"collection":[{"href":"https:\/\/jeffersonisac.adv.br\/index.php\/wp-json\/wp\/v2\/posts"}],"about":[{"href":"https:\/\/jeffersonisac.adv.br\/index.php\/wp-json\/wp\/v2\/types\/post"}],"replies":[{"embeddable":true,"href":"https:\/\/jeffersonisac.adv.br\/index.php\/wp-json\/wp\/v2\/comments?post=5209"}],"version-history":[{"count":0,"href":"https:\/\/jeffersonisac.adv.br\/index.php\/wp-json\/wp\/v2\/posts\/5209\/revisions"}],"wp:attachment":[{"href":"https:\/\/jeffersonisac.adv.br\/index.php\/wp-json\/wp\/v2\/media?parent=5209"}],"wp:term":[{"taxonomy":"category","embeddable":true,"href":"https:\/\/jeffersonisac.adv.br\/index.php\/wp-json\/wp\/v2\/categories?post=5209"},{"taxonomy":"post_tag","embeddable":true,"href":"https:\/\/jeffersonisac.adv.br\/index.php\/wp-json\/wp\/v2\/tags?post=5209"}],"curies":[{"name":"wp","href":"https:\/\/api.w.org\/{rel}","templated":true}]}}