{"id":5251,"date":"2024-03-27T17:33:09","date_gmt":"2024-03-27T20:33:09","guid":{"rendered":"https:\/\/jeffersonisac.adv.br\/index.php\/2024\/03\/27\/camara-analisa-projeto-que-estende-operacao-carro-pipa-acompanhe\/"},"modified":"2024-03-27T17:33:09","modified_gmt":"2024-03-27T20:33:09","slug":"camara-analisa-projeto-que-estende-operacao-carro-pipa-acompanhe","status":"publish","type":"post","link":"https:\/\/jeffersonisac.adv.br\/index.php\/2024\/03\/27\/camara-analisa-projeto-que-estende-operacao-carro-pipa-acompanhe\/","title":{"rendered":"Camara analisa projeto que estende Opera\u00e7\u00e3o Carro-Pipa; acompanhe"},"content":{"rendered":"<div class=\"image-container\">\n<div class=\"midia-creditos\"><em>Mario Agra \/ C\u00e2mara dos Deputados<\/em><\/div>\n<div class=\"media-wrapper\"><\/div>\n<div class=\"midia-legenda\">Discuss\u00e3o e vota\u00e7\u00e3o de propostas no Plen\u00e1rio da C\u00e2mara<\/div>\n<\/div>\n<p>A C\u00e2mara dos Deputados analisa neste momento projeto de lei que leva a Opera\u00e7\u00e3o Carro-Pipa para \u00e1reas urbanas do Semi\u00e1rido. De autoria do deputado Murilo Galdino (Republicanos-PB), o PL 5350\/23 \u00e9 o primeiro item da pauta de hoje do Plen\u00e1rio.<\/p>\n<p>Atualmente, a Opera\u00e7\u00e3o Carro-Pipa \u00e9 uma a\u00e7\u00e3o emergencial do governo federal para levar \u00e1gua pot\u00e1vel a comunidades preferencialmente rurais do Semi\u00e1rido afetadas por seca ou estiagem, utilizando caminh\u00f5es-pipa no transporte. O relator \u00e9 o deputado Raniery Paulino (Republicanos-PB).<\/p>\n<p><strong>Embratur<\/strong><br \/>\nTamb\u00e9m est\u00e1 na pauta projeto que permite a contrata\u00e7\u00e3o da Embratur sem licita\u00e7\u00e3o. O PL 545\/24, do deputado Jos\u00e9 Guimar\u00e3es (PT-CE), repete o conte\u00fado da Medida Provis\u00f3ria 1207\/24, editada no m\u00eas passado.<\/p>\n<p>Entre outras a\u00e7\u00f5es, o projeto permite que a Embratur seja contratada sem licita\u00e7\u00e3o por outros \u00f3rg\u00e3os ou entidades da administra\u00e7\u00e3o p\u00fablica para:<br \/>\n. a\u00e7\u00f5es de promo\u00e7\u00e3o, marketing e apoio \u00e0 comercializa\u00e7\u00e3o de destinos, produtos e servi\u00e7os tur\u00edsticos do pa\u00eds no exterior;<br \/>\n. a\u00e7\u00f5es de articula\u00e7\u00e3o com agentes econ\u00f4micos; e<br \/>\nmedidas de prepara\u00e7\u00e3o para grandes eventos de import\u00e2ncia internacional, entre outras.<br \/>\nEsse projeto \u00e9 relatado pelo deputado Leur Lomanto J\u00fanior (Uni\u00e3o-BA).<\/p>\n<p><strong>Mais informa\u00e7\u00f5es em instantes<\/strong><\/p>\n<p><a href=\"https:\/\/youtu.be\/wtDtSiphrks\">Assista \u00e0 sess\u00e3o vivo<\/a><\/p>","protected":false},"excerpt":{"rendered":"<p>Mario Agra \/ C\u00e2mara dos Deputados Discuss\u00e3o e vota\u00e7\u00e3o de propostas no Plen\u00e1rio da C\u00e2mara A C\u00e2mara dos Deputados analisa neste momento projeto de lei que leva a Opera\u00e7\u00e3o Carro-Pipa para \u00e1reas urbanas do Semi\u00e1rido. De autoria do deputado Murilo Galdino (Republicanos-PB), o PL 5350\/23 \u00e9 o primeiro item da pauta de hoje do Plen\u00e1rio. [&hellip;]<\/p>\n","protected":false},"author":0,"featured_media":0,"comment_status":"open","ping_status":"open","sticky":false,"template":"","format":"standard","meta":{"footnotes":""},"categories":[1],"tags":[],"_links":{"self":[{"href":"https:\/\/jeffersonisac.adv.br\/index.php\/wp-json\/wp\/v2\/posts\/5251"}],"collection":[{"href":"https:\/\/jeffersonisac.adv.br\/index.php\/wp-json\/wp\/v2\/posts"}],"about":[{"href":"https:\/\/jeffersonisac.adv.br\/index.php\/wp-json\/wp\/v2\/types\/post"}],"replies":[{"embeddable":true,"href":"https:\/\/jeffersonisac.adv.br\/index.php\/wp-json\/wp\/v2\/comments?post=5251"}],"version-history":[{"count":0,"href":"https:\/\/jeffersonisac.adv.br\/index.php\/wp-json\/wp\/v2\/posts\/5251\/revisions"}],"wp:attachment":[{"href":"https:\/\/jeffersonisac.adv.br\/index.php\/wp-json\/wp\/v2\/media?parent=5251"}],"wp:term":[{"taxonomy":"category","embeddable":true,"href":"https:\/\/jeffersonisac.adv.br\/index.php\/wp-json\/wp\/v2\/categories?post=5251"},{"taxonomy":"post_tag","embeddable":true,"href":"https:\/\/jeffersonisac.adv.br\/index.php\/wp-json\/wp\/v2\/tags?post=5251"}],"curies":[{"name":"wp","href":"https:\/\/api.w.org\/{rel}","templated":true}]}}